{"id":472,"date":"2022-09-27T17:58:26","date_gmt":"2022-09-27T15:58:26","guid":{"rendered":"https:\/\/www.seifen-koenigin.de\/web\/?p=472"},"modified":"2022-09-27T17:58:27","modified_gmt":"2022-09-27T15:58:27","slug":"was-kuemmerts-den-mond-wenn-der-wolf-ihn-anheult","status":"publish","type":"post","link":"http:\/\/seifen-koenigin.de\/index.php\/2022\/09\/27\/was-kuemmerts-den-mond-wenn-der-wolf-ihn-anheult\/","title":{"rendered":"Was k\u00fcmmert\u00b4s den Mond, wenn der Wolf ihn anheult?"},"content":{"rendered":"\n<p>Unter diesem Motto steht meine heutige Seife. Ich wei\u00df, ich habe lange keine Seife mehr eingestellt, aber die dr\u00f6lfundneunzigste Seife im gleichen Design ist auf Dauer langweilig &#8211; denke ich mir zumindest. Dann hatte ich auch lange Zeit keine rechte Lust zu sieden und habe einfach immer mal wieder nur Transparentseife hergestellt. Aus dieser Transparentseife habe ich dann Einleger gemacht, die nun ewig im Keller gelegen sind.<\/p>\n\n\n\n<p>Die Idee zur Seife ist schon etwas \u00e4lter, sie entstand bei einem der zahlreichen Gespr\u00e4che die wir bei unserem Treffen beim lieben Seifel-Linchen bereits im April diesen Jahres hatten. Simone (Seifel-Linchen, https:\/\/www.seifel-linchen.de\/), Steffi Ulrich, Yvonne von Koe (https:\/\/www.savony.de\/), Karin Margit Reischl (https:\/\/karin-reischl.de\/) und ich sa\u00dfen also bei Linchen im Garten und wollten eigentlich sieden &#8211; wie das aber bei so Kennenlern-Treffen ist, klappt das meist nicht &#8211; aber das ist eine andere Geschichte&#8230;<\/p>\n\n\n\n<p>In einem dieser wundervollen Gespr\u00e4che fiel dann eben der Satz: &#8222;Was k\u00fcmmert es den Mond, wenn der Wolf ihn anheult?&#8220; und ich musste eben an einen meiner Transparentseifeneinleger in Form vom Wolf denken.<\/p>\n\n\n\n<figure class=\"wp-block-image size-full\"><img loading=\"lazy\" decoding=\"async\" width=\"357\" height=\"378\" src=\"http:\/\/www.seifen-koenigin.de\/wp-content\/uploads\/2022\/09\/TS-Einleger-Wolf.jpg\" alt=\"\" class=\"wp-image-473\" srcset=\"http:\/\/seifen-koenigin.de\/wp-content\/uploads\/2022\/09\/TS-Einleger-Wolf.jpg 357w, http:\/\/seifen-koenigin.de\/wp-content\/uploads\/2022\/09\/TS-Einleger-Wolf-283x300.jpg 283w\" sizes=\"auto, (max-width: 357px) 100vw, 357px\" \/><figcaption>Transparentseifeneinleger Wolf<\/figcaption><\/figure>\n\n\n\n<p>Lange Zeit kam mir aber keine richtige Idee, bzw. mir fehlte noch der ein oder andere Einleger in Form von Transparentseife oder aber auch Knetseife. Auch hatte ich weder einen Extruder noch entsprechende Scheiben. Also blieb der Wolf Wolf und die Seife in meinem Kopf. Bis eben letzte Woche, da sah ich auf Pinterest die Vorlage zu &#8222;meiner&#8220; Seife. Zudem war auch noch international Soapmaking Day, das musste ich doch auch ausnutzen.<\/p>\n\n\n\n<p>Das Rezept war schon mit den M\u00e4dels abgesprochen, wir wollten von Humblebeeandme das Rezept der Titanic-Seife nachsieden (https:\/\/www.humblebeeandme.com\/vinolia-soap-re-creation-the-soap-on-the-rms-titanic\/#more-4098). Soweit habe ich mich an das Rezept gehalten, nur habe ich das Rinderfett gegen Palm\u00f6l ausgetauscht.<\/p>\n\n\n\n<figure class=\"wp-block-image size-full\"><img loading=\"lazy\" decoding=\"async\" width=\"750\" height=\"1000\" src=\"http:\/\/www.seifen-koenigin.de\/wp-content\/uploads\/2022\/09\/fertiger-Seifenleim.jpg\" alt=\"\" class=\"wp-image-474\" srcset=\"http:\/\/seifen-koenigin.de\/wp-content\/uploads\/2022\/09\/fertiger-Seifenleim.jpg 750w, http:\/\/seifen-koenigin.de\/wp-content\/uploads\/2022\/09\/fertiger-Seifenleim-225x300.jpg 225w\" sizes=\"auto, (max-width: 750px) 100vw, 750px\" \/><figcaption>der fertige Seifenleim wartet nur darauf in die Form umgef\u00fcllt zu werden.<\/figcaption><\/figure>\n\n\n\n<p>Nun hie\u00df es den Seifenleim in die Form zu gie\u00dfen und den Einleger zu positionieren &#8211; hoffentlich bleibt der auch an Ort und Stelle&#8230; <\/p>\n\n\n\n<figure class=\"wp-block-image size-full\"><img loading=\"lazy\" decoding=\"async\" width=\"687\" height=\"479\" src=\"http:\/\/www.seifen-koenigin.de\/wp-content\/uploads\/2022\/09\/Wolf-im-Mond.jpg\" alt=\"\" class=\"wp-image-475\" srcset=\"http:\/\/seifen-koenigin.de\/wp-content\/uploads\/2022\/09\/Wolf-im-Mond.jpg 687w, http:\/\/seifen-koenigin.de\/wp-content\/uploads\/2022\/09\/Wolf-im-Mond-300x209.jpg 300w\" sizes=\"auto, (max-width: 687px) 100vw, 687px\" \/><figcaption>Die Form von oben<\/figcaption><\/figure>\n\n\n\n<p>Ab hier kommen die schlimmsten Stunden eines jeden Seifensieders. Warten bis die Verseifung abgeschlossen ist, dauert zwischen 24 &#8211; 72 Stunden und viele versuchen meist zu fr\u00fch auszuformen, das ergibt dann leider unsch\u00f6ne Seifen. Bei mir hat alles soweit gut geklappt und ich konnte schadensfrei die Seifenrolle am Montag entformen. Diese kam dann in die n\u00e4chste Form und wurde dann in schwarzen Seifenleim versenkt. Und schon wieder hie\u00df es warten &#8211; bis heute Mittag habe ich meine Form in Ruhe gelassen, aber die Neugierde war gro\u00df&#8230; zu gro\u00df, daher habe ich es gewagt und ausgeformt.<\/p>\n\n\n\n<figure class=\"wp-block-gallery has-nested-images columns-default is-cropped wp-block-gallery-1 is-layout-flex wp-block-gallery-is-layout-flex\">\n<figure class=\"wp-block-image size-full\"><img loading=\"lazy\" decoding=\"async\" width=\"807\" height=\"722\" data-id=\"476\" src=\"http:\/\/www.seifen-koenigin.de\/wp-content\/uploads\/2022\/09\/Beleuchtung-Fotobox-1.jpg\" alt=\"\" class=\"wp-image-476\" srcset=\"http:\/\/seifen-koenigin.de\/wp-content\/uploads\/2022\/09\/Beleuchtung-Fotobox-1.jpg 807w, http:\/\/seifen-koenigin.de\/wp-content\/uploads\/2022\/09\/Beleuchtung-Fotobox-1-300x268.jpg 300w, http:\/\/seifen-koenigin.de\/wp-content\/uploads\/2022\/09\/Beleuchtung-Fotobox-1-768x687.jpg 768w\" sizes=\"auto, (max-width: 807px) 100vw, 807px\" \/><\/figure>\n<\/figure>\n\n\n\n<figure class=\"wp-block-image size-full\"><img loading=\"lazy\" decoding=\"async\" width=\"942\" height=\"651\" src=\"http:\/\/www.seifen-koenigin.de\/wp-content\/uploads\/2022\/09\/Taschenlampe-2.jpg\" alt=\"\" class=\"wp-image-477\" srcset=\"http:\/\/seifen-koenigin.de\/wp-content\/uploads\/2022\/09\/Taschenlampe-2.jpg 942w, http:\/\/seifen-koenigin.de\/wp-content\/uploads\/2022\/09\/Taschenlampe-2-300x207.jpg 300w, http:\/\/seifen-koenigin.de\/wp-content\/uploads\/2022\/09\/Taschenlampe-2-768x531.jpg 768w\" sizes=\"auto, (max-width: 942px) 100vw, 942px\" \/><\/figure>\n\n\n\n<p>Beide Fotos zeigen dasselbe St\u00fcck Seife, einmal habe ich beim oberen Foto die Beleuchtung der Fotobox genutzt und beim unteren Foto habe ich hinter die Seife eine Taschenlampe gelegt, damit man sehen kann das der Wolf durchscheinend ist. <\/p>\n\n\n\n<p>Ich danke f\u00fcr eure Interesse und freue mich auf die n\u00e4chste Seife<\/p>\n","protected":false},"excerpt":{"rendered":"<p>Unter diesem Motto steht meine heutige Seife. Ich wei\u00df, ich habe lange keine Seife mehr eingestellt, aber die dr\u00f6lfundneunzigste Seife im gleichen Design ist auf Dauer langweilig &#8211; denke ich mir zumindest. Dann hatte ich auch lange Zeit keine rechte Lust zu sieden und habe einfach immer mal wieder nur Transparentseife hergestellt. Aus dieser Transparentseife habe ich dann Einleger gemacht, die nun ewig im Keller gelegen sind. Die Idee zur Seife ist schon etwas \u00e4lter, sie entstand bei einem der zahlreichen Gespr\u00e4che die wir bei unserem Treffen beim lieben Seifel-Linchen bereits im April diesen Jahres hatten. Simone (Seifel-Linchen, https:\/\/www.seifel-linchen.de\/), Steffi&hellip;<\/p>\n","protected":false},"author":1,"featured_media":476,"comment_status":"open","ping_status":"open","sticky":true,"template":"","format":"standard","meta":{"footnotes":""},"categories":[1],"tags":[42,38,40,41,39,31,5],"class_list":["post-472","post","type-post","status-publish","format-standard","has-post-thumbnail","hentry","category-allgemein","tag-handgesiedet","tag-international-soapmaking-day","tag-savony","tag-seife","tag-seifel-linchen","tag-titanic","tag-transparentseife"],"_links":{"self":[{"href":"http:\/\/seifen-koenigin.de\/index.php\/wp-json\/wp\/v2\/posts\/472","targetHints":{"allow":["GET"]}}],"collection":[{"href":"http:\/\/seifen-koenigin.de\/index.php\/wp-json\/wp\/v2\/posts"}],"about":[{"href":"http:\/\/seifen-koenigin.de\/index.php\/wp-json\/wp\/v2\/types\/post"}],"author":[{"embeddable":true,"href":"http:\/\/seifen-koenigin.de\/index.php\/wp-json\/wp\/v2\/users\/1"}],"replies":[{"embeddable":true,"href":"http:\/\/seifen-koenigin.de\/index.php\/wp-json\/wp\/v2\/comments?post=472"}],"version-history":[{"count":1,"href":"http:\/\/seifen-koenigin.de\/index.php\/wp-json\/wp\/v2\/posts\/472\/revisions"}],"predecessor-version":[{"id":478,"href":"http:\/\/seifen-koenigin.de\/index.php\/wp-json\/wp\/v2\/posts\/472\/revisions\/478"}],"wp:featuredmedia":[{"embeddable":true,"href":"http:\/\/seifen-koenigin.de\/index.php\/wp-json\/wp\/v2\/media\/476"}],"wp:attachment":[{"href":"http:\/\/seifen-koenigin.de\/index.php\/wp-json\/wp\/v2\/media?parent=472"}],"wp:term":[{"taxonomy":"category","embeddable":true,"href":"http:\/\/seifen-koenigin.de\/index.php\/wp-json\/wp\/v2\/categories?post=472"},{"taxonomy":"post_tag","embeddable":true,"href":"http:\/\/seifen-koenigin.de\/index.php\/wp-json\/wp\/v2\/tags?post=472"}],"curies":[{"name":"wp","href":"https:\/\/api.w.org\/{rel}","templated":true}]}}