{"id":445,"date":"2022-02-25T17:16:12","date_gmt":"2022-02-25T16:16:12","guid":{"rendered":"https:\/\/www.seifen-koenigin.de\/web\/?p=445"},"modified":"2022-02-25T17:16:13","modified_gmt":"2022-02-25T16:16:13","slug":"alaaf-und-helau","status":"publish","type":"post","link":"http:\/\/seifen-koenigin.de\/index.php\/2022\/02\/25\/alaaf-und-helau\/","title":{"rendered":"Alaaf und Helau"},"content":{"rendered":"\n<p>Zum gestrigen Weiberdonnerstag war es mir nach bunter Seife, auch wenn ich nicht der Karnevalsjeck bin. Zu den Neonfarben habe ich ja schon \u00f6fter etwas geschrieben, ich finde sie einfach nur sch\u00f6n.<\/p>\n\n\n\n<p>Aber zur\u00fcck auf Anfang. Im Juli habe ich schon einmal einen Crazy Rainbow gesiedet.<\/p>\n\n\n\n<figure class=\"wp-block-image size-full\"><img loading=\"lazy\" decoding=\"async\" width=\"640\" height=\"576\" src=\"http:\/\/www.seifen-koenigin.de\/wp-content\/uploads\/2022\/02\/Crazy-Rainbow-1.jpg\" alt=\"\" class=\"wp-image-446\" srcset=\"http:\/\/seifen-koenigin.de\/wp-content\/uploads\/2022\/02\/Crazy-Rainbow-1.jpg 640w, http:\/\/seifen-koenigin.de\/wp-content\/uploads\/2022\/02\/Crazy-Rainbow-1-300x270.jpg 300w\" sizes=\"auto, (max-width: 640px) 100vw, 640px\" \/><figcaption>Frisch eingef\u00fcllte Seife<\/figcaption><\/figure>\n\n\n\n<p>Irgendwie habe ich es verpasst von dieser Seife Fotos zu machen, das habe ich aber mit der gestrigen Neuauflage nachgeholt.<\/p>\n\n\n\n<p>Der Grundleim besteht aus Sonnenblumen\u00f6l HO, Schweineschmalz, Kokos\u00f6l, Reiskeim\u00f6l und Kakaobutter. Wie in jede Seife habe ich auch hier Salz, Zitronens\u00e4ure und Zucker in der Laugenfl\u00fcssigkeit.<\/p>\n\n\n\n<p>Nach einem Regenbogen ist die Luft immer so sauber, ich mag den Duft, daher hab ich mich hier f\u00fcr eine Mischung verschiedener \u00e4therischer \u00d6le entschieden. Lavendel, Zederholz, Zitrone, Rosmarin, Orange und Pfefferminz geben eine tolle Duftkomposition &#8211; frisch und krautig, ganz toll.<\/p>\n\n\n\n<figure class=\"wp-block-image size-full\"><img loading=\"lazy\" decoding=\"async\" width=\"640\" height=\"288\" src=\"http:\/\/www.seifen-koenigin.de\/wp-content\/uploads\/2022\/02\/Grundleim-in-der-Form.jpg\" alt=\"\" class=\"wp-image-447\" srcset=\"http:\/\/seifen-koenigin.de\/wp-content\/uploads\/2022\/02\/Grundleim-in-der-Form.jpg 640w, http:\/\/seifen-koenigin.de\/wp-content\/uploads\/2022\/02\/Grundleim-in-der-Form-300x135.jpg 300w\" sizes=\"auto, (max-width: 640px) 100vw, 640px\" \/><figcaption>Grundleim in der Form<\/figcaption><\/figure>\n\n\n\n<p>Damit es bunt wird, habe ich nat\u00fcrlich den Grundleim eingef\u00e4rbt und dazu gegossen.<\/p>\n\n\n\n<figure class=\"wp-block-gallery has-nested-images columns-default is-cropped wp-block-gallery-1 is-layout-flex wp-block-gallery-is-layout-flex\">\n<figure class=\"wp-block-image size-large\"><img loading=\"lazy\" decoding=\"async\" width=\"288\" height=\"517\" data-id=\"451\" src=\"http:\/\/www.seifen-koenigin.de\/wp-content\/uploads\/2022\/02\/halb-gefuellt-2.jpg\" alt=\"\" class=\"wp-image-451\" srcset=\"http:\/\/seifen-koenigin.de\/wp-content\/uploads\/2022\/02\/halb-gefuellt-2.jpg 288w, http:\/\/seifen-koenigin.de\/wp-content\/uploads\/2022\/02\/halb-gefuellt-2-167x300.jpg 167w\" sizes=\"auto, (max-width: 288px) 100vw, 288px\" \/><figcaption>Farben halb eingef\u00fcllt<\/figcaption><\/figure>\n\n\n\n<figure class=\"wp-block-image size-large\"><img loading=\"lazy\" decoding=\"async\" width=\"484\" height=\"286\" data-id=\"452\" src=\"http:\/\/www.seifen-koenigin.de\/wp-content\/uploads\/2022\/02\/alle-Farben.jpg\" alt=\"\" class=\"wp-image-452\" srcset=\"http:\/\/seifen-koenigin.de\/wp-content\/uploads\/2022\/02\/alle-Farben.jpg 484w, http:\/\/seifen-koenigin.de\/wp-content\/uploads\/2022\/02\/alle-Farben-300x177.jpg 300w\" sizes=\"auto, (max-width: 484px) 100vw, 484px\" \/><figcaption>orange und pink sind fast nicht zu unterscheiden<\/figcaption><\/figure>\n\n\n\n<figure class=\"wp-block-image size-large\"><img loading=\"lazy\" decoding=\"async\" width=\"288\" height=\"640\" data-id=\"453\" src=\"http:\/\/www.seifen-koenigin.de\/wp-content\/uploads\/2022\/02\/Messbecher-Seite.jpg\" alt=\"\" class=\"wp-image-453\" srcset=\"http:\/\/seifen-koenigin.de\/wp-content\/uploads\/2022\/02\/Messbecher-Seite.jpg 288w, http:\/\/seifen-koenigin.de\/wp-content\/uploads\/2022\/02\/Messbecher-Seite-135x300.jpg 135w\" sizes=\"auto, (max-width: 288px) 100vw, 288px\" \/><figcaption>Der Messbecher von der Seite<\/figcaption><\/figure>\n\n\n\n<figure class=\"wp-block-image size-large\"><img loading=\"lazy\" decoding=\"async\" width=\"640\" height=\"288\" data-id=\"457\" src=\"http:\/\/www.seifen-koenigin.de\/wp-content\/uploads\/2022\/02\/Farbpalette-mit-WZ.jpg\" alt=\"\" class=\"wp-image-457\" srcset=\"http:\/\/seifen-koenigin.de\/wp-content\/uploads\/2022\/02\/Farbpalette-mit-WZ.jpg 640w, http:\/\/seifen-koenigin.de\/wp-content\/uploads\/2022\/02\/Farbpalette-mit-WZ-300x135.jpg 300w\" sizes=\"auto, (max-width: 640px) 100vw, 640px\" \/><figcaption>Die fast geleerten Messbecher<\/figcaption><\/figure>\n<\/figure>\n\n\n\n<p>F\u00fcr die Farben habe ich jeweils 150 g Seifenleim abgewogen und mit zuvor in \u00d6l dispergierten Neonpigmenten verr\u00fchrt. Mit dem gro\u00dfen Messbecher dann anschlie\u00dfend die bunten Farben eingegossen aus unterschiedlichen H\u00f6hen damit das dann auch sch\u00f6n bunte Seife wird.<\/p>\n\n\n\n<p>Die Idee dieser Seife ist ja nicht von mir, das gebe ich zu. Ich war so fasziniert von diesem Video hier, dass ich das nat\u00fcrlich auch probieren musste: https:\/\/youtu.be\/1CKY42yTucY<\/p>\n\n\n\n<figure class=\"wp-block-image size-full\"><img loading=\"lazy\" decoding=\"async\" width=\"640\" height=\"288\" src=\"http:\/\/www.seifen-koenigin.de\/wp-content\/uploads\/2022\/02\/Vorm-Swirl-1.jpg\" alt=\"\" class=\"wp-image-460\" srcset=\"http:\/\/seifen-koenigin.de\/wp-content\/uploads\/2022\/02\/Vorm-Swirl-1.jpg 640w, http:\/\/seifen-koenigin.de\/wp-content\/uploads\/2022\/02\/Vorm-Swirl-1-300x135.jpg 300w\" sizes=\"auto, (max-width: 640px) 100vw, 640px\" \/><figcaption>Topping vor dem Swirl<\/figcaption><\/figure>\n\n\n\n<p>Nun hie\u00df es mutig mit dem St\u00e4bchen durch die Seife, aber vorsicht, ich wollte ja nur den oberen Teil verswirlen.<\/p>\n\n\n\n<figure class=\"wp-block-gallery has-nested-images columns-default is-cropped wp-block-gallery-2 is-layout-flex wp-block-gallery-is-layout-flex\">\n<figure class=\"wp-block-image size-large\"><img loading=\"lazy\" decoding=\"async\" width=\"640\" height=\"402\" data-id=\"462\" src=\"http:\/\/www.seifen-koenigin.de\/wp-content\/uploads\/2022\/02\/Wett-Crazy-Rainbow-2-1.jpg\" alt=\"\" class=\"wp-image-462\" srcset=\"http:\/\/seifen-koenigin.de\/wp-content\/uploads\/2022\/02\/Wett-Crazy-Rainbow-2-1.jpg 640w, http:\/\/seifen-koenigin.de\/wp-content\/uploads\/2022\/02\/Wett-Crazy-Rainbow-2-1-300x188.jpg 300w\" sizes=\"auto, (max-width: 640px) 100vw, 640px\" \/><\/figure>\n\n\n\n<figure class=\"wp-block-image size-large\"><img loading=\"lazy\" decoding=\"async\" width=\"640\" height=\"426\" data-id=\"461\" src=\"http:\/\/www.seifen-koenigin.de\/wp-content\/uploads\/2022\/02\/Yuzu-mit-Glimmer-1.jpg\" alt=\"\" class=\"wp-image-461\" srcset=\"http:\/\/seifen-koenigin.de\/wp-content\/uploads\/2022\/02\/Yuzu-mit-Glimmer-1.jpg 640w, http:\/\/seifen-koenigin.de\/wp-content\/uploads\/2022\/02\/Yuzu-mit-Glimmer-1-300x200.jpg 300w\" sizes=\"auto, (max-width: 640px) 100vw, 640px\" \/><\/figure>\n<\/figure>\n\n\n\n<p>Ich behaupte das mir das gut gelungen ist. Ich liebe es einfach und es f\u00e4llt mir wirklich schwer abzuwarten das ich die Seifen entformen und schneiden darf.<\/p>\n\n\n\n<figure class=\"wp-block-image size-full\"><img loading=\"lazy\" decoding=\"async\" width=\"492\" height=\"640\" src=\"http:\/\/www.seifen-koenigin.de\/wp-content\/uploads\/2022\/02\/geschniiten-und-gestempelt-1.jpg\" alt=\"\" class=\"wp-image-463\" srcset=\"http:\/\/seifen-koenigin.de\/wp-content\/uploads\/2022\/02\/geschniiten-und-gestempelt-1.jpg 492w, http:\/\/seifen-koenigin.de\/wp-content\/uploads\/2022\/02\/geschniiten-und-gestempelt-1-231x300.jpg 231w\" sizes=\"auto, (max-width: 492px) 100vw, 492px\" \/><figcaption>die fertige Seife<\/figcaption><\/figure>\n\n\n\n<p>Irgendwann ist zum Gl\u00fcck jede Wartezeit &#8211; auch bei der Verseifung &#8211; vor\u00fcber und der Moment der Wahrheit kommt. Die Seife kann aus der Form befreit und geschnitten werden. Ich finde hier kann man wundersch\u00f6n erkennen wie tief die Farbe in den unterschiedlichen Seifen geht &#8211; jede Seife ein Unikat.<\/p>\n\n\n\n<p>Nun darf sie erst mal f\u00fcr 6 Wochen schlafen gehen, dann wird sie in Cellophan verpackt und wartet auf ihren Gebrauch. <\/p>\n","protected":false},"excerpt":{"rendered":"<p>Zum gestrigen Weiberdonnerstag war es mir nach bunter Seife, auch wenn ich nicht der Karnevalsjeck bin. Zu den Neonfarben habe ich ja schon \u00f6fter etwas geschrieben, ich finde sie einfach nur sch\u00f6n. Aber zur\u00fcck auf Anfang. Im Juli habe ich schon einmal einen Crazy Rainbow gesiedet. Irgendwie habe ich es verpasst von dieser Seife Fotos zu machen, das habe ich aber mit der gestrigen Neuauflage nachgeholt. Der Grundleim besteht aus Sonnenblumen\u00f6l HO, Schweineschmalz, Kokos\u00f6l, Reiskeim\u00f6l und Kakaobutter. Wie in jede Seife habe ich auch hier Salz, Zitronens\u00e4ure und Zucker in der Laugenfl\u00fcssigkeit. Nach einem Regenbogen ist die Luft immer so&hellip;<\/p>\n","protected":false},"author":1,"featured_media":458,"comment_status":"open","ping_status":"open","sticky":true,"template":"","format":"standard","meta":{"footnotes":""},"categories":[1,3],"tags":[6,23,36,14,11,13],"class_list":["post-445","post","type-post","status-publish","format-standard","has-post-thumbnail","hentry","category-allgemein","category-seifen","tag-kaltverseifung","tag-naturseife","tag-neonpigmente","tag-soap","tag-soapdesign","tag-soapmaking"],"_links":{"self":[{"href":"http:\/\/seifen-koenigin.de\/index.php\/wp-json\/wp\/v2\/posts\/445","targetHints":{"allow":["GET"]}}],"collection":[{"href":"http:\/\/seifen-koenigin.de\/index.php\/wp-json\/wp\/v2\/posts"}],"about":[{"href":"http:\/\/seifen-koenigin.de\/index.php\/wp-json\/wp\/v2\/types\/post"}],"author":[{"embeddable":true,"href":"http:\/\/seifen-koenigin.de\/index.php\/wp-json\/wp\/v2\/users\/1"}],"replies":[{"embeddable":true,"href":"http:\/\/seifen-koenigin.de\/index.php\/wp-json\/wp\/v2\/comments?post=445"}],"version-history":[{"count":1,"href":"http:\/\/seifen-koenigin.de\/index.php\/wp-json\/wp\/v2\/posts\/445\/revisions"}],"predecessor-version":[{"id":464,"href":"http:\/\/seifen-koenigin.de\/index.php\/wp-json\/wp\/v2\/posts\/445\/revisions\/464"}],"wp:featuredmedia":[{"embeddable":true,"href":"http:\/\/seifen-koenigin.de\/index.php\/wp-json\/wp\/v2\/media\/458"}],"wp:attachment":[{"href":"http:\/\/seifen-koenigin.de\/index.php\/wp-json\/wp\/v2\/media?parent=445"}],"wp:term":[{"taxonomy":"category","embeddable":true,"href":"http:\/\/seifen-koenigin.de\/index.php\/wp-json\/wp\/v2\/categories?post=445"},{"taxonomy":"post_tag","embeddable":true,"href":"http:\/\/seifen-koenigin.de\/index.php\/wp-json\/wp\/v2\/tags?post=445"}],"curies":[{"name":"wp","href":"https:\/\/api.w.org\/{rel}","templated":true}]}}