{"id":44,"date":"2020-05-24T19:51:41","date_gmt":"2020-05-24T17:51:41","guid":{"rendered":"http:\/\/www.seifen-koenigin.de\/web\/?p=44"},"modified":"2020-05-25T19:55:56","modified_gmt":"2020-05-25T17:55:56","slug":"mentholseifen","status":"publish","type":"post","link":"http:\/\/seifen-koenigin.de\/index.php\/2020\/05\/24\/mentholseifen\/","title":{"rendered":"Mentholseifen"},"content":{"rendered":"\n<p>Durch Zufall bin ich auf Menthol als k\u00fchlender Effekt in der Seife gesto\u00dfen und habe damit etwas experimentiert. <\/p>\n\n\n\n<p>Wie auf so vieles kann auch der menschliche K\u00f6rper auf ein &#8222;zuviel&#8220; an Menthol in der Seife mit allergischen Reaktionen reagieren. Hier hie\u00df es also zu experimentieren und im Laufe der Zeit entstanden nun schon ein paar unterschiedliche Mentholseifen.<\/p>\n\n\n\n<figure class=\"wp-block-image size-large\"><img loading=\"lazy\" decoding=\"async\" width=\"640\" height=\"771\" src=\"http:\/\/www.seifen-koenigin.de\/wp-content\/uploads\/2020\/05\/Mentholseife-mit-Stempel-Wa.jpg\" alt=\"\" class=\"wp-image-79\" srcset=\"http:\/\/seifen-koenigin.de\/wp-content\/uploads\/2020\/05\/Mentholseife-mit-Stempel-Wa.jpg 640w, http:\/\/seifen-koenigin.de\/wp-content\/uploads\/2020\/05\/Mentholseife-mit-Stempel-Wa-249x300.jpg 249w\" sizes=\"auto, (max-width: 640px) 100vw, 640px\" \/><figcaption>Meine erste Mentholseife<br><\/figcaption><\/figure>\n\n\n\n<p>Wie auch die Seife sind auch die Fotos nicht unbedingt optisch immer die besten, auch ich lerne im Laufe der Zeit. <\/p>\n\n\n\n<p>Diese Seife entstand bereits im Juli 2017 und wurde aus Kokos\u00f6l, Schweineschmalz, Oliven\u00f6l, Distel\u00f6l HO, Traubenkern\u00f6l und Rizinus\u00f6l hergestellt. Die Farben in der Seife waren anders geplant, aber haben sich dann so eigenst\u00e4ndig entwickelt. <\/p>\n\n\n\n<p>Beduftet habe ich diese Seife mit einer Mischung aus den \u00e4therischen \u00d6len Eukalytus, Krauseminze und Litsea Cubea. Mit den Mentholkristallen die in den warmen \u00d6len gel\u00f6st werden, war ich noch recht sparsam, daher haben wir nicht viel vom erhofften k\u00fchlenden Effekt feststellen k\u00f6nnen. <\/p>\n\n\n\n<p>Den Stempel lies ich extra anfertigen, das Motiv entstammt einer Zeichung unserer Tochter, welche ich von ihr als Muttertagsgeschenk bekam. <\/p>\n\n\n\n<p>Angespornt durch diese Seife habe ich dann die n\u00e4chste Seife gemacht, der Seifensieder wei\u00df je l\u00e4nger eine Seife reifen darf, je feiner wird sie im Gebrauch, und der n\u00e4chste Sommer kommt bestimmt. <\/p>\n\n\n\n<figure class=\"wp-block-image size-large\"><img loading=\"lazy\" decoding=\"async\" width=\"480\" height=\"640\" src=\"http:\/\/www.seifen-koenigin.de\/wp-content\/uploads\/2020\/05\/Luffa-Menthol.jpg\" alt=\"\" class=\"wp-image-80\" srcset=\"http:\/\/seifen-koenigin.de\/wp-content\/uploads\/2020\/05\/Luffa-Menthol.jpg 480w, http:\/\/seifen-koenigin.de\/wp-content\/uploads\/2020\/05\/Luffa-Menthol-225x300.jpg 225w\" sizes=\"auto, (max-width: 480px) 100vw, 480px\" \/><figcaption>Mentholseife mit Luffa<\/figcaption><\/figure>\n\n\n\n<p>Somit versuchte ich mich an einer weiteren Mentholseife, die urspr\u00fcnglich f\u00fcr die F\u00fc\u00dfe gedacht war. Jedoch entpuppte sich die eingearbeitete Luffa als gar nicht so kratzig und somit durfte diese Seife auch mit unter die Dusche. <\/p>\n\n\n\n<p>Im M\u00e4rz 2018 stand ich also f\u00fcr diese Seife an den T\u00f6pfen, wog Oliven-, Kokos-, Reiskeim- und Distel\u00f6l HO ab, gab auch noch Kakaobutter hinzu um daraus mit einer weiteren Mischung aus den \u00e4therischen \u00d6len Krauseminze, Eukalyptus, Litsea Cubeba und Teebaum zu sieden. Die Farbpigmente kamen noch hinzu und dann wurde alles in eine leere Chipsdose gef\u00fcllt und in die Seifenmasse kam noch ein gro\u00dfes St\u00fcck Luffagurke die eben f\u00fcr den Peelingeffekt sorgen sollte. <\/p>\n\n\n\n<p>Die Luffagurke l\u00e4sst sich allerdings nicht so gut schneiden, daher sind die Scheiben auch nicht so sch\u00f6n glatt.<\/p>\n","protected":false},"excerpt":{"rendered":"<p>Durch Zufall bin ich auf Menthol als k\u00fchlender Effekt in der Seife gesto\u00dfen und habe damit etwas experimentiert. Wie auf so vieles kann auch der menschliche K\u00f6rper auf ein &#8222;zuviel&#8220; an Menthol in der Seife mit allergischen Reaktionen reagieren. Hier hie\u00df es also zu experimentieren und im Laufe der Zeit entstanden nun schon ein paar unterschiedliche Mentholseifen. Wie auch die Seife sind auch die Fotos nicht unbedingt optisch immer die besten, auch ich lerne im Laufe der Zeit. Diese Seife entstand bereits im Juli 2017 und wurde aus Kokos\u00f6l, Schweineschmalz, Oliven\u00f6l, Distel\u00f6l HO, Traubenkern\u00f6l und Rizinus\u00f6l hergestellt. Die Farben in&hellip;<\/p>\n","protected":false},"author":1,"featured_media":79,"comment_status":"open","ping_status":"open","sticky":false,"template":"","format":"standard","meta":{"footnotes":""},"categories":[1,3],"tags":[],"class_list":["post-44","post","type-post","status-publish","format-standard","has-post-thumbnail","hentry","category-allgemein","category-seifen"],"_links":{"self":[{"href":"http:\/\/seifen-koenigin.de\/index.php\/wp-json\/wp\/v2\/posts\/44","targetHints":{"allow":["GET"]}}],"collection":[{"href":"http:\/\/seifen-koenigin.de\/index.php\/wp-json\/wp\/v2\/posts"}],"about":[{"href":"http:\/\/seifen-koenigin.de\/index.php\/wp-json\/wp\/v2\/types\/post"}],"author":[{"embeddable":true,"href":"http:\/\/seifen-koenigin.de\/index.php\/wp-json\/wp\/v2\/users\/1"}],"replies":[{"embeddable":true,"href":"http:\/\/seifen-koenigin.de\/index.php\/wp-json\/wp\/v2\/comments?post=44"}],"version-history":[{"count":3,"href":"http:\/\/seifen-koenigin.de\/index.php\/wp-json\/wp\/v2\/posts\/44\/revisions"}],"predecessor-version":[{"id":81,"href":"http:\/\/seifen-koenigin.de\/index.php\/wp-json\/wp\/v2\/posts\/44\/revisions\/81"}],"wp:featuredmedia":[{"embeddable":true,"href":"http:\/\/seifen-koenigin.de\/index.php\/wp-json\/wp\/v2\/media\/79"}],"wp:attachment":[{"href":"http:\/\/seifen-koenigin.de\/index.php\/wp-json\/wp\/v2\/media?parent=44"}],"wp:term":[{"taxonomy":"category","embeddable":true,"href":"http:\/\/seifen-koenigin.de\/index.php\/wp-json\/wp\/v2\/categories?post=44"},{"taxonomy":"post_tag","embeddable":true,"href":"http:\/\/seifen-koenigin.de\/index.php\/wp-json\/wp\/v2\/tags?post=44"}],"curies":[{"name":"wp","href":"https:\/\/api.w.org\/{rel}","templated":true}]}}