{"id":428,"date":"2022-02-20T17:47:40","date_gmt":"2022-02-20T16:47:40","guid":{"rendered":"https:\/\/www.seifen-koenigin.de\/web\/?p=428"},"modified":"2022-02-20T18:09:22","modified_gmt":"2022-02-20T17:09:22","slug":"alkanna-und-rhabarberwurzel-oder-wie-kommt-farbe-in-die-seife","status":"publish","type":"post","link":"http:\/\/seifen-koenigin.de\/index.php\/2022\/02\/20\/alkanna-und-rhabarberwurzel-oder-wie-kommt-farbe-in-die-seife\/","title":{"rendered":"Alkanna und Rhabarberwurzel &#8211; oder wie kommt Farbe in die Seife"},"content":{"rendered":"\n<p>Heute habe ich Seifen f\u00fcr euch, die ich mit nat\u00fcrlichen Mittel gef\u00e4rbt habe, die auch als Farbe f\u00fcr z.B. Wolle genutzt werden. Das eine ist Alkanna, mit ihr kann man zwischen blau, lila und grau alles in der Seife erhalten und dann Rhabarberwurzel f\u00fcr einen tollen Rotton.<\/p>\n\n\n\n<p>Beide Pflanzenpulver habe ich zuerst in Oliven\u00f6l gebadet und so gut 4 Wochen auf der Fensterbank stehen gehabt. <\/p>\n\n\n\n<figure class=\"wp-block-gallery has-nested-images columns-default is-cropped wp-block-gallery-1 is-layout-flex wp-block-gallery-is-layout-flex\">\n<figure class=\"wp-block-image size-large\"><img loading=\"lazy\" decoding=\"async\" width=\"367\" height=\"640\" data-id=\"429\" src=\"http:\/\/www.seifen-koenigin.de\/wp-content\/uploads\/2022\/02\/Alkannamazerat.jpg\" alt=\"\" class=\"wp-image-429\" srcset=\"http:\/\/seifen-koenigin.de\/wp-content\/uploads\/2022\/02\/Alkannamazerat.jpg 367w, http:\/\/seifen-koenigin.de\/wp-content\/uploads\/2022\/02\/Alkannamazerat-172x300.jpg 172w\" sizes=\"auto, (max-width: 367px) 100vw, 367px\" \/><figcaption>Alkannamazerat<\/figcaption><\/figure>\n\n\n\n<figure class=\"wp-block-image size-large\"><img loading=\"lazy\" decoding=\"async\" width=\"515\" height=\"640\" data-id=\"430\" src=\"http:\/\/www.seifen-koenigin.de\/wp-content\/uploads\/2022\/02\/Rhabarbermazerat.jpg\" alt=\"\" class=\"wp-image-430\" srcset=\"http:\/\/seifen-koenigin.de\/wp-content\/uploads\/2022\/02\/Rhabarbermazerat.jpg 515w, http:\/\/seifen-koenigin.de\/wp-content\/uploads\/2022\/02\/Rhabarbermazerat-241x300.jpg 241w\" sizes=\"auto, (max-width: 515px) 100vw, 515px\" \/><figcaption>Rhabarberwurzelmazerat<\/figcaption><\/figure>\n<\/figure>\n\n\n\n<p>F\u00fcr die Seife selber habe ich das Rezept der Titanic-Seife gew\u00e4hlt, es aber ein wenig abge\u00e4ndert. Ich habe das Oliven\u00f6l, den Rindertalg, die Sheabutter und das Rizinus\u00f6l beibehalten, aber das Kokos\u00f6l gegen Palmkern\u00f6l getauscht und auch eine Mischverseifung gemacht, sprich mit NaOH und KOH gearbeitet. Zus\u00e4tzlich habe ich in beiden Seifen etwas Kaolin und Tussahseide in der Lauge aufgel\u00f6st und vorher noch Zitronens\u00e4ure dazugegeben.  Die nur mit Alkanna gef\u00e4rbte auch noch etwas Titandioxid.<br><\/p>\n\n\n\n<figure class=\"wp-block-gallery has-nested-images columns-default is-cropped wp-block-gallery-2 is-layout-flex wp-block-gallery-is-layout-flex\">\n<figure class=\"wp-block-image size-large\"><img loading=\"lazy\" decoding=\"async\" width=\"640\" height=\"288\" data-id=\"431\" src=\"http:\/\/www.seifen-koenigin.de\/wp-content\/uploads\/2022\/02\/Alkanna-halb-gefuellt.jpg\" alt=\"\" class=\"wp-image-431\" srcset=\"http:\/\/seifen-koenigin.de\/wp-content\/uploads\/2022\/02\/Alkanna-halb-gefuellt.jpg 640w, http:\/\/seifen-koenigin.de\/wp-content\/uploads\/2022\/02\/Alkanna-halb-gefuellt-300x135.jpg 300w\" sizes=\"auto, (max-width: 640px) 100vw, 640px\" \/><figcaption>Beim Einf\u00fcllen der Seife<\/figcaption><\/figure>\n\n\n\n<figure class=\"wp-block-image size-large\"><img loading=\"lazy\" decoding=\"async\" width=\"640\" height=\"299\" data-id=\"432\" src=\"http:\/\/www.seifen-koenigin.de\/wp-content\/uploads\/2022\/02\/Alkanna-etwas-spaeter.jpg\" alt=\"\" class=\"wp-image-432\" srcset=\"http:\/\/seifen-koenigin.de\/wp-content\/uploads\/2022\/02\/Alkanna-etwas-spaeter.jpg 640w, http:\/\/seifen-koenigin.de\/wp-content\/uploads\/2022\/02\/Alkanna-etwas-spaeter-300x140.jpg 300w\" sizes=\"auto, (max-width: 640px) 100vw, 640px\" \/><figcaption>Fertig gef\u00fcllte Form<\/figcaption><\/figure>\n<\/figure>\n\n\n\n<p>Einen Teil des Oliven\u00f6ls habe ich gegen die Mazerate ausgetauscht und beide Seifen sind auch unterschiedlich beduftet. <\/p>\n\n\n\n<figure class=\"wp-block-gallery has-nested-images columns-default is-cropped wp-block-gallery-3 is-layout-flex wp-block-gallery-is-layout-flex\">\n<figure class=\"wp-block-image size-large\"><img loading=\"lazy\" decoding=\"async\" width=\"640\" height=\"286\" data-id=\"434\" src=\"http:\/\/www.seifen-koenigin.de\/wp-content\/uploads\/2022\/02\/Alkanna-und-Rhabarber.jpg\" alt=\"\" class=\"wp-image-434\" srcset=\"http:\/\/seifen-koenigin.de\/wp-content\/uploads\/2022\/02\/Alkanna-und-Rhabarber.jpg 640w, http:\/\/seifen-koenigin.de\/wp-content\/uploads\/2022\/02\/Alkanna-und-Rhabarber-300x134.jpg 300w\" sizes=\"auto, (max-width: 640px) 100vw, 640px\" \/><figcaption>Fertig geswirlte Alkanna- und Rhabarwurzelseife<\/figcaption><\/figure>\n<\/figure>\n\n\n\n<p>F\u00fcr die obere Seife habe ich den Seifenleim mit Lavendel, Rosmarin und Eukalyptus beduftet und erst mal zu einem Drittel in die Form gef\u00fcllt, etwas von dem gef\u00e4rbten \u00d6l mit einer Pipette auf den fl\u00fcssigen Seifenleim getr\u00e4ufelt und dann vorsichtig eine weitere Schicht Seifenleim dar\u00fcberlaufen lassen, auch ungef\u00e4hr wieder zu einem Drittel, wieder etwas \u00d6l dar\u00fcber und die letzte Schicht darauf. Dann habe ich nochmal ein paar Tropfen des farbigen \u00d6ls obenauf getr\u00e4ufelt und mit einem St\u00e4bchen verswirlt. <\/p>\n\n\n\n<figure class=\"wp-block-gallery has-nested-images columns-default is-cropped wp-block-gallery-4 is-layout-flex wp-block-gallery-is-layout-flex\">\n<figure class=\"wp-block-image size-large\"><img loading=\"lazy\" decoding=\"async\" width=\"640\" height=\"700\" data-id=\"435\" src=\"http:\/\/www.seifen-koenigin.de\/wp-content\/uploads\/2022\/02\/Alkanna-geschnitten-1-fuers-Web.jpg\" alt=\"\" class=\"wp-image-435\" srcset=\"http:\/\/seifen-koenigin.de\/wp-content\/uploads\/2022\/02\/Alkanna-geschnitten-1-fuers-Web.jpg 640w, http:\/\/seifen-koenigin.de\/wp-content\/uploads\/2022\/02\/Alkanna-geschnitten-1-fuers-Web-274x300.jpg 274w\" sizes=\"auto, (max-width: 640px) 100vw, 640px\" \/><figcaption>Alkanna-Lines &#8211; hier sieht man dass das \u00d6l auch sch\u00f6n die Seite gef\u00e4rbt hat<\/figcaption><\/figure>\n\n\n\n<figure class=\"wp-block-image size-large\"><img loading=\"lazy\" decoding=\"async\" width=\"610\" height=\"640\" data-id=\"436\" src=\"http:\/\/www.seifen-koenigin.de\/wp-content\/uploads\/2022\/02\/Alkanna-geschnitten-2-fuers-Web.jpg\" alt=\"\" class=\"wp-image-436\" srcset=\"http:\/\/seifen-koenigin.de\/wp-content\/uploads\/2022\/02\/Alkanna-geschnitten-2-fuers-Web.jpg 610w, http:\/\/seifen-koenigin.de\/wp-content\/uploads\/2022\/02\/Alkanna-geschnitten-2-fuers-Web-286x300.jpg 286w\" sizes=\"auto, (max-width: 610px) 100vw, 610px\" \/><figcaption>Alkanna-Lines &#8211; auf diesem Foto sieht man auch das Topping<\/figcaption><\/figure>\n<\/figure>\n\n\n\n<p>F\u00fcr die zweite Seife habe ich das identische Rezept genommen, allerdings erst mal mit weniger Oliven\u00f6l, das hatte ich bereits in drei Messerbecher abgewogen (die beiden Mazerate und einmal reines Oliven\u00f6l). Als Duft habe ich das Parf\u00fcm\u00f6l Ginger, Amber und Bergamotte genutzt, ich liebe diesen Duft. Er ist frisch und bleibt auch sch\u00f6n lange wahrnehmbar.<br><\/p>\n\n\n\n<p>Sobald ich den Seifenleim zu den Mazeraten gegeben hatte wurde aus dem quittengelben Rhabarberwurzelmazerat ein sch\u00f6ner roter Seifenleim. Die drei Seifenleime gab ich vorsichtig in die Kammern der Acrylform, entnahme die Trenner und versuchte mich in einem Mantraswirl. <\/p>\n\n\n\n<div class=\"wp-block-group\"><div class=\"wp-block-group__inner-container is-layout-flow wp-block-group-is-layout-flow\">\n<div class=\"wp-block-columns is-layout-flex wp-container-core-columns-is-layout-9d6595d7 wp-block-columns-is-layout-flex\">\n<div class=\"wp-block-column is-layout-flow wp-block-column-is-layout-flow\" style=\"flex-basis:100%\">\n<div class=\"wp-block-group\"><div class=\"wp-block-group__inner-container is-layout-flow wp-block-group-is-layout-flow\">\n<figure class=\"wp-block-gallery has-nested-images columns-default is-cropped wp-block-gallery-5 is-layout-flex wp-block-gallery-is-layout-flex\">\n<figure class=\"wp-block-image size-large\"><img loading=\"lazy\" decoding=\"async\" width=\"640\" height=\"459\" data-id=\"439\" src=\"http:\/\/www.seifen-koenigin.de\/wp-content\/uploads\/2022\/02\/Rhabarber-geschnitten-1.jpg\" alt=\"\" class=\"wp-image-439\" srcset=\"http:\/\/seifen-koenigin.de\/wp-content\/uploads\/2022\/02\/Rhabarber-geschnitten-1.jpg 640w, http:\/\/seifen-koenigin.de\/wp-content\/uploads\/2022\/02\/Rhabarber-geschnitten-1-300x215.jpg 300w\" sizes=\"auto, (max-width: 640px) 100vw, 640px\" \/><\/figure>\n\n\n\n<figure class=\"wp-block-image size-large\"><img loading=\"lazy\" decoding=\"async\" width=\"480\" height=\"640\" data-id=\"437\" src=\"http:\/\/www.seifen-koenigin.de\/wp-content\/uploads\/2022\/02\/Rhabarber-geschnitten-2.jpg\" alt=\"\" class=\"wp-image-437\" srcset=\"http:\/\/seifen-koenigin.de\/wp-content\/uploads\/2022\/02\/Rhabarber-geschnitten-2.jpg 480w, http:\/\/seifen-koenigin.de\/wp-content\/uploads\/2022\/02\/Rhabarber-geschnitten-2-225x300.jpg 225w\" sizes=\"auto, (max-width: 480px) 100vw, 480px\" \/><\/figure>\n\n\n\n<figure class=\"wp-block-image size-large\"><img loading=\"lazy\" decoding=\"async\" width=\"410\" height=\"640\" data-id=\"438\" src=\"http:\/\/www.seifen-koenigin.de\/wp-content\/uploads\/2022\/02\/Rhabarber-geschnitten-3.jpg\" alt=\"\" class=\"wp-image-438\" srcset=\"http:\/\/seifen-koenigin.de\/wp-content\/uploads\/2022\/02\/Rhabarber-geschnitten-3.jpg 410w, http:\/\/seifen-koenigin.de\/wp-content\/uploads\/2022\/02\/Rhabarber-geschnitten-3-192x300.jpg 192w\" sizes=\"auto, (max-width: 410px) 100vw, 410px\" \/><\/figure>\n<\/figure>\n<\/div><\/div>\n<\/div>\n<\/div>\n<\/div><\/div>\n\n\n\n<p>Nun d\u00fcrfen die Seifen erst mal wieder ganz fest schlafen. In 6 &#8211; 8 Wochen werde ich sie dann mal anwaschen, ich bin gespannt ob das Alkanna ausbluten wird. Dr\u00fcckt mir bitte die Daumen dass das nicht der Fall ist. <\/p>\n","protected":false},"excerpt":{"rendered":"<p>Heute habe ich Seifen f\u00fcr euch, die ich mit nat\u00fcrlichen Mittel gef\u00e4rbt habe, die auch als Farbe f\u00fcr z.B. Wolle genutzt werden. Das eine ist Alkanna, mit ihr kann man zwischen blau, lila und grau alles in der Seife erhalten und dann Rhabarberwurzel f\u00fcr einen tollen Rotton. Beide Pflanzenpulver habe ich zuerst in Oliven\u00f6l gebadet und so gut 4 Wochen auf der Fensterbank stehen gehabt. F\u00fcr die Seife selber habe ich das Rezept der Titanic-Seife gew\u00e4hlt, es aber ein wenig abge\u00e4ndert. Ich habe das Oliven\u00f6l, den Rindertalg, die Sheabutter und das Rizinus\u00f6l beibehalten, aber das Kokos\u00f6l gegen Palmkern\u00f6l getauscht und&hellip;<\/p>\n","protected":false},"author":1,"featured_media":440,"comment_status":"open","ping_status":"open","sticky":true,"template":"","format":"standard","meta":{"footnotes":""},"categories":[1,3],"tags":[34,6,33,23,35],"class_list":["post-428","post","type-post","status-publish","format-standard","has-post-thumbnail","hentry","category-allgemein","category-seifen","tag-alkanna","tag-kaltverseifung","tag-mazerat","tag-naturseife","tag-rhabarberwurzel"],"_links":{"self":[{"href":"http:\/\/seifen-koenigin.de\/index.php\/wp-json\/wp\/v2\/posts\/428","targetHints":{"allow":["GET"]}}],"collection":[{"href":"http:\/\/seifen-koenigin.de\/index.php\/wp-json\/wp\/v2\/posts"}],"about":[{"href":"http:\/\/seifen-koenigin.de\/index.php\/wp-json\/wp\/v2\/types\/post"}],"author":[{"embeddable":true,"href":"http:\/\/seifen-koenigin.de\/index.php\/wp-json\/wp\/v2\/users\/1"}],"replies":[{"embeddable":true,"href":"http:\/\/seifen-koenigin.de\/index.php\/wp-json\/wp\/v2\/comments?post=428"}],"version-history":[{"count":3,"href":"http:\/\/seifen-koenigin.de\/index.php\/wp-json\/wp\/v2\/posts\/428\/revisions"}],"predecessor-version":[{"id":444,"href":"http:\/\/seifen-koenigin.de\/index.php\/wp-json\/wp\/v2\/posts\/428\/revisions\/444"}],"wp:featuredmedia":[{"embeddable":true,"href":"http:\/\/seifen-koenigin.de\/index.php\/wp-json\/wp\/v2\/media\/440"}],"wp:attachment":[{"href":"http:\/\/seifen-koenigin.de\/index.php\/wp-json\/wp\/v2\/media?parent=428"}],"wp:term":[{"taxonomy":"category","embeddable":true,"href":"http:\/\/seifen-koenigin.de\/index.php\/wp-json\/wp\/v2\/categories?post=428"},{"taxonomy":"post_tag","embeddable":true,"href":"http:\/\/seifen-koenigin.de\/index.php\/wp-json\/wp\/v2\/tags?post=428"}],"curies":[{"name":"wp","href":"https:\/\/api.w.org\/{rel}","templated":true}]}}