{"id":314,"date":"2021-03-07T16:36:56","date_gmt":"2021-03-07T15:36:56","guid":{"rendered":"http:\/\/www.seifen-koenigin.de\/web\/?p=314"},"modified":"2021-03-07T16:36:57","modified_gmt":"2021-03-07T15:36:57","slug":"der-sommer-kann-kommen","status":"publish","type":"post","link":"http:\/\/seifen-koenigin.de\/index.php\/2021\/03\/07\/der-sommer-kann-kommen\/","title":{"rendered":"Der Sommer kann kommen"},"content":{"rendered":"\n<p>Seit ein paar Jahren habe ich f\u00fcr die warmen oder auch hei\u00dfen Sommertage immer gerne Mentholseife da. Wenn man nicht zu warm duscht dann hat man eine herrliche Erfrischung unter der Dusche.<\/p>\n\n\n\n<p>Da der Sommer oder auch mal hei\u00dfe Tage eher unangek\u00fcndigt kommen und so ne Seife ja reifen muss, hab ich unsere f\u00fcr dieses Jahr schon recht fr\u00fch gesiedet.<\/p>\n\n\n\n<figure class=\"wp-block-gallery columns-1 is-cropped wp-block-gallery-1 is-layout-flex wp-block-gallery-is-layout-flex\"><ul class=\"blocks-gallery-grid\"><li class=\"blocks-gallery-item\"><figure><img loading=\"lazy\" decoding=\"async\" width=\"640\" height=\"480\" src=\"http:\/\/www.seifen-koenigin.de\/wp-content\/uploads\/2021\/03\/F1-Taschenlampe-Handy-1.jpg\" alt=\"\" data-id=\"328\" data-full-url=\"http:\/\/www.seifen-koenigin.de\/wp-content\/uploads\/2021\/03\/F1-Taschenlampe-Handy-1.jpg\" data-link=\"http:\/\/www.seifen-koenigin.de\/?attachment_id=328\" class=\"wp-image-328\" srcset=\"http:\/\/seifen-koenigin.de\/wp-content\/uploads\/2021\/03\/F1-Taschenlampe-Handy-1.jpg 640w, http:\/\/seifen-koenigin.de\/wp-content\/uploads\/2021\/03\/F1-Taschenlampe-Handy-1-300x225.jpg 300w\" sizes=\"auto, (max-width: 640px) 100vw, 640px\" \/><\/figure><\/li><\/ul><\/figure>\n\n\n\n<p>Wie bei den letzten Seifen auch habe ich hier wieder mit der Transparentseife und der CP-Seife gespielt, leider zog der Seifenleim aber doch z\u00fcgig an, dadurch gibt es dann ein paar L\u00f6cher.<\/p>\n\n\n\n<p>In ihr sind 5% Mentholkristalle und beduftet habe ich sie mit einer Mischung aus Pfefferminz-, Eukalyptus- und Lavendel\u00f6l, die Farben sind neongr\u00fcn und neonblau, ein Teil blieb ungef\u00e4rbt. <\/p>\n\n\n\n<figure class=\"wp-block-gallery columns-3 is-cropped wp-block-gallery-2 is-layout-flex wp-block-gallery-is-layout-flex\"><ul class=\"blocks-gallery-grid\"><li class=\"blocks-gallery-item\"><figure><img loading=\"lazy\" decoding=\"async\" width=\"640\" height=\"480\" src=\"http:\/\/www.seifen-koenigin.de\/wp-content\/uploads\/2021\/03\/mit-mehr-Licht-2.jpg\" alt=\"\" data-id=\"333\" data-link=\"http:\/\/www.seifen-koenigin.de\/?attachment_id=333\" class=\"wp-image-333\" srcset=\"http:\/\/seifen-koenigin.de\/wp-content\/uploads\/2021\/03\/mit-mehr-Licht-2.jpg 640w, http:\/\/seifen-koenigin.de\/wp-content\/uploads\/2021\/03\/mit-mehr-Licht-2-300x225.jpg 300w\" sizes=\"auto, (max-width: 640px) 100vw, 640px\" \/><\/figure><\/li><li class=\"blocks-gallery-item\"><figure><img loading=\"lazy\" decoding=\"async\" width=\"640\" height=\"480\" src=\"http:\/\/www.seifen-koenigin.de\/wp-content\/uploads\/2021\/03\/Zoom-unten-und-Mitte-2.jpg\" alt=\"\" data-id=\"334\" data-link=\"http:\/\/www.seifen-koenigin.de\/?attachment_id=334\" class=\"wp-image-334\" srcset=\"http:\/\/seifen-koenigin.de\/wp-content\/uploads\/2021\/03\/Zoom-unten-und-Mitte-2.jpg 640w, http:\/\/seifen-koenigin.de\/wp-content\/uploads\/2021\/03\/Zoom-unten-und-Mitte-2-300x225.jpg 300w\" sizes=\"auto, (max-width: 640px) 100vw, 640px\" \/><\/figure><\/li><li class=\"blocks-gallery-item\"><figure><img loading=\"lazy\" decoding=\"async\" width=\"640\" height=\"480\" src=\"http:\/\/www.seifen-koenigin.de\/wp-content\/uploads\/2021\/03\/alle-6-mit-Handy-1.jpg\" alt=\"\" data-id=\"335\" data-full-url=\"http:\/\/www.seifen-koenigin.de\/wp-content\/uploads\/2021\/03\/alle-6-mit-Handy-1.jpg\" data-link=\"http:\/\/www.seifen-koenigin.de\/?attachment_id=335\" class=\"wp-image-335\" srcset=\"http:\/\/seifen-koenigin.de\/wp-content\/uploads\/2021\/03\/alle-6-mit-Handy-1.jpg 640w, http:\/\/seifen-koenigin.de\/wp-content\/uploads\/2021\/03\/alle-6-mit-Handy-1-300x225.jpg 300w\" sizes=\"auto, (max-width: 640px) 100vw, 640px\" \/><\/figure><\/li><li class=\"blocks-gallery-item\"><figure><img loading=\"lazy\" decoding=\"async\" width=\"640\" height=\"480\" src=\"http:\/\/www.seifen-koenigin.de\/wp-content\/uploads\/2021\/03\/aussen-links-Lichtkegel-Taschenlampe-1.jpg\" alt=\"\" data-id=\"336\" data-full-url=\"http:\/\/www.seifen-koenigin.de\/wp-content\/uploads\/2021\/03\/aussen-links-Lichtkegel-Taschenlampe-1.jpg\" data-link=\"http:\/\/www.seifen-koenigin.de\/?attachment_id=336\" class=\"wp-image-336\" srcset=\"http:\/\/seifen-koenigin.de\/wp-content\/uploads\/2021\/03\/aussen-links-Lichtkegel-Taschenlampe-1.jpg 640w, http:\/\/seifen-koenigin.de\/wp-content\/uploads\/2021\/03\/aussen-links-Lichtkegel-Taschenlampe-1-300x225.jpg 300w\" sizes=\"auto, (max-width: 640px) 100vw, 640px\" \/><\/figure><\/li><\/ul><\/figure>\n","protected":false},"excerpt":{"rendered":"<p>Seit ein paar Jahren habe ich f\u00fcr die warmen oder auch hei\u00dfen Sommertage immer gerne Mentholseife da. Wenn man nicht zu warm duscht dann hat man eine herrliche Erfrischung unter der Dusche. Da der Sommer oder auch mal hei\u00dfe Tage eher unangek\u00fcndigt kommen und so ne Seife ja reifen muss, hab ich unsere f\u00fcr dieses Jahr schon recht fr\u00fch gesiedet. Wie bei den letzten Seifen auch habe ich hier wieder mit der Transparentseife und der CP-Seife gespielt, leider zog der Seifenleim aber doch z\u00fcgig an, dadurch gibt es dann ein paar L\u00f6cher. In ihr sind 5% Mentholkristalle und beduftet habe&hellip;<\/p>\n","protected":false},"author":1,"featured_media":330,"comment_status":"open","ping_status":"open","sticky":true,"template":"","format":"standard","meta":{"footnotes":""},"categories":[1,3],"tags":[],"class_list":["post-314","post","type-post","status-publish","format-standard","has-post-thumbnail","hentry","category-allgemein","category-seifen"],"_links":{"self":[{"href":"http:\/\/seifen-koenigin.de\/index.php\/wp-json\/wp\/v2\/posts\/314","targetHints":{"allow":["GET"]}}],"collection":[{"href":"http:\/\/seifen-koenigin.de\/index.php\/wp-json\/wp\/v2\/posts"}],"about":[{"href":"http:\/\/seifen-koenigin.de\/index.php\/wp-json\/wp\/v2\/types\/post"}],"author":[{"embeddable":true,"href":"http:\/\/seifen-koenigin.de\/index.php\/wp-json\/wp\/v2\/users\/1"}],"replies":[{"embeddable":true,"href":"http:\/\/seifen-koenigin.de\/index.php\/wp-json\/wp\/v2\/comments?post=314"}],"version-history":[{"count":1,"href":"http:\/\/seifen-koenigin.de\/index.php\/wp-json\/wp\/v2\/posts\/314\/revisions"}],"predecessor-version":[{"id":337,"href":"http:\/\/seifen-koenigin.de\/index.php\/wp-json\/wp\/v2\/posts\/314\/revisions\/337"}],"wp:featuredmedia":[{"embeddable":true,"href":"http:\/\/seifen-koenigin.de\/index.php\/wp-json\/wp\/v2\/media\/330"}],"wp:attachment":[{"href":"http:\/\/seifen-koenigin.de\/index.php\/wp-json\/wp\/v2\/media?parent=314"}],"wp:term":[{"taxonomy":"category","embeddable":true,"href":"http:\/\/seifen-koenigin.de\/index.php\/wp-json\/wp\/v2\/categories?post=314"},{"taxonomy":"post_tag","embeddable":true,"href":"http:\/\/seifen-koenigin.de\/index.php\/wp-json\/wp\/v2\/tags?post=314"}],"curies":[{"name":"wp","href":"https:\/\/api.w.org\/{rel}","templated":true}]}}