{"id":272,"date":"2021-02-09T13:29:58","date_gmt":"2021-02-09T12:29:58","guid":{"rendered":"http:\/\/www.seifen-koenigin.de\/web\/?p=272"},"modified":"2021-02-16T08:45:07","modified_gmt":"2021-02-16T07:45:07","slug":"bald-ist-valentin","status":"publish","type":"post","link":"http:\/\/seifen-koenigin.de\/index.php\/2021\/02\/09\/bald-ist-valentin\/","title":{"rendered":"Bald ist Valentin"},"content":{"rendered":"\n<p>Wie ich schon am Sonntag geschrieben habe, hat mich gerade das Thema selbstgesiedete Transparentseife gepackt. Ich recherchiere noch immer flei\u00dfig zu diesem Thema, mal gucken ob ich bald wirklich schlau dazu bin. <\/p>\n\n\n\n<p>Von der selbstgesiedeten Transparentseife hatte ich auch sofort etwas in rot eingef\u00e4rbt und in die Einlegerform gef\u00fcllt<\/p>\n\n\n\n<figure class=\"wp-block-gallery columns-1 is-cropped wp-block-gallery-1 is-layout-flex wp-block-gallery-is-layout-flex\"><ul class=\"blocks-gallery-grid\"><li class=\"blocks-gallery-item\"><figure><img loading=\"lazy\" decoding=\"async\" width=\"324\" height=\"360\" src=\"http:\/\/www.seifen-koenigin.de\/wp-content\/uploads\/2021\/02\/Einlegerform.jpg\" alt=\"\" data-id=\"273\" data-full-url=\"http:\/\/www.seifen-koenigin.de\/wp-content\/uploads\/2021\/02\/Einlegerform.jpg\" data-link=\"http:\/\/www.seifen-koenigin.de\/?attachment_id=273\" class=\"wp-image-273\" srcset=\"http:\/\/seifen-koenigin.de\/wp-content\/uploads\/2021\/02\/Einlegerform.jpg 324w, http:\/\/seifen-koenigin.de\/wp-content\/uploads\/2021\/02\/Einlegerform-270x300.jpg 270w\" sizes=\"auto, (max-width: 324px) 100vw, 324px\" \/><figcaption class=\"blocks-gallery-item__caption\">Hier durfte die Seife erstmal in der Form fest werden<\/figcaption><\/figure><\/li><\/ul><\/figure>\n\n\n\n<p>Da ich ja so gar keine Erfahrung mit der Transparentseife hatte, auch nicht wegen der Konsistenz hab ich eben den eingef\u00e4rbten Seifenleim in die Einlegerform reingesch\u00fcttet und nicht schlecht gestaunt das die Form so langsam leerer wurde und sich daf\u00fcr auf dem Boden des Glases die rote Seife sammelte&#8230; irgendwann k\u00fchlte die Seife aber auch soweit runter, dass auch das aufh\u00f6rte und ich tats\u00e4chlich genug f\u00fcr einen Einleger hatte.<\/p>\n\n\n\n<p>Den Seifenrest aus dem Glas hab ich zum einen angewaschen und zum anderen um zu schauen ob die Transparenz auch eingef\u00e4rbt gegeben ist mal testweise auf die R\u00fcckseite eines Seifenstempels gelegt<\/p>\n\n\n\n<figure class=\"wp-block-gallery columns-1 is-cropped wp-block-gallery-2 is-layout-flex wp-block-gallery-is-layout-flex\"><ul class=\"blocks-gallery-grid\"><li class=\"blocks-gallery-item\"><figure><img loading=\"lazy\" decoding=\"async\" width=\"640\" height=\"686\" src=\"http:\/\/www.seifen-koenigin.de\/wp-content\/uploads\/2021\/02\/Rest-auf-Stempel.jpg\" alt=\"\" data-id=\"274\" data-full-url=\"http:\/\/www.seifen-koenigin.de\/wp-content\/uploads\/2021\/02\/Rest-auf-Stempel.jpg\" data-link=\"http:\/\/www.seifen-koenigin.de\/?attachment_id=274\" class=\"wp-image-274\" srcset=\"http:\/\/seifen-koenigin.de\/wp-content\/uploads\/2021\/02\/Rest-auf-Stempel.jpg 640w, http:\/\/seifen-koenigin.de\/wp-content\/uploads\/2021\/02\/Rest-auf-Stempel-280x300.jpg 280w\" sizes=\"auto, (max-width: 640px) 100vw, 640px\" \/><figcaption class=\"blocks-gallery-item__caption\">Das gefiel mir richtig gut<\/figcaption><\/figure><\/li><\/ul><\/figure>\n\n\n\n<p>Sonntag habe ich dann den Herzeinleger ausgeformt, schnell eins meiner geliebten 25er Rezepte bestehend aus Kokos, Schmalz, Olive und Reis\u00f6l gemacht und mit Pine &amp; Eucalyptus beduftet. Den Duft durfte unsere Tochter ausw\u00e4hlen und wir beide finden, das er nicht wirklich an Pinie oder Eukalyptus erinnert&#8230;<\/p>\n\n\n\n<figure class=\"wp-block-gallery columns-1 is-cropped wp-block-gallery-3 is-layout-flex wp-block-gallery-is-layout-flex\"><ul class=\"blocks-gallery-grid\"><li class=\"blocks-gallery-item\"><figure><img loading=\"lazy\" decoding=\"async\" width=\"640\" height=\"387\" src=\"http:\/\/www.seifen-koenigin.de\/wp-content\/uploads\/2021\/02\/Bild-5-mit-Blitz.jpg\" alt=\"\" data-id=\"275\" data-full-url=\"http:\/\/www.seifen-koenigin.de\/wp-content\/uploads\/2021\/02\/Bild-5-mit-Blitz.jpg\" data-link=\"http:\/\/www.seifen-koenigin.de\/?attachment_id=275\" class=\"wp-image-275\" srcset=\"http:\/\/seifen-koenigin.de\/wp-content\/uploads\/2021\/02\/Bild-5-mit-Blitz.jpg 640w, http:\/\/seifen-koenigin.de\/wp-content\/uploads\/2021\/02\/Bild-5-mit-Blitz-300x181.jpg 300w\" sizes=\"auto, (max-width: 640px) 100vw, 640px\" \/><\/figure><\/li><\/ul><\/figure>\n\n\n\n<p>Da ich auch gerne Zus\u00e4tze in meinen Seifen habe, durfte auch etwas Kaolincreme (eine Mischung aus destilliertem Wasser, Oliven\u00f6l, Kaolin und Titandioxid) in die Seife &#8211; ich finde die Seife w\u00e4scht sich schon durch das wenige Kaolin cremiger und das Titandioxid hellt die Seife auch in der geringen Konzentration auf. <\/p>\n\n\n\n<figure class=\"wp-block-gallery columns-1 is-cropped wp-block-gallery-4 is-layout-flex wp-block-gallery-is-layout-flex\"><ul class=\"blocks-gallery-grid\"><li class=\"blocks-gallery-item\"><figure><img loading=\"lazy\" decoding=\"async\" width=\"640\" height=\"480\" src=\"http:\/\/www.seifen-koenigin.de\/wp-content\/uploads\/2021\/02\/Bild-4-mit-Blitz.jpg\" alt=\"\" data-id=\"276\" data-full-url=\"http:\/\/www.seifen-koenigin.de\/wp-content\/uploads\/2021\/02\/Bild-4-mit-Blitz.jpg\" data-link=\"http:\/\/www.seifen-koenigin.de\/?attachment_id=276\" class=\"wp-image-276\" srcset=\"http:\/\/seifen-koenigin.de\/wp-content\/uploads\/2021\/02\/Bild-4-mit-Blitz.jpg 640w, http:\/\/seifen-koenigin.de\/wp-content\/uploads\/2021\/02\/Bild-4-mit-Blitz-300x225.jpg 300w\" sizes=\"auto, (max-width: 640px) 100vw, 640px\" \/><\/figure><\/li><\/ul><\/figure>\n\n\n\n<p>Es ist ja eher selten das ich sofort mit einer Seife zufrieden bin, aber das ist eine die auf jeden Fall in diese Kategorie kommt. <\/p>\n\n\n\n<p>Vielen Dank das ihr bei mir vorbeigeschaut habt<\/p>\n","protected":false},"excerpt":{"rendered":"<p>Wie ich schon am Sonntag geschrieben habe, hat mich gerade das Thema selbstgesiedete Transparentseife gepackt. Ich recherchiere noch immer flei\u00dfig zu diesem Thema, mal gucken ob ich bald wirklich schlau dazu bin. Von der selbstgesiedeten Transparentseife hatte ich auch sofort etwas in rot eingef\u00e4rbt und in die Einlegerform gef\u00fcllt Da ich ja so gar keine Erfahrung mit der Transparentseife hatte, auch nicht wegen der Konsistenz hab ich eben den eingef\u00e4rbten Seifenleim in die Einlegerform reingesch\u00fcttet und nicht schlecht gestaunt das die Form so langsam leerer wurde und sich daf\u00fcr auf dem Boden des Glases die rote Seife sammelte&#8230; irgendwann k\u00fchlte&hellip;<\/p>\n","protected":false},"author":1,"featured_media":277,"comment_status":"open","ping_status":"open","sticky":true,"template":"","format":"standard","meta":{"footnotes":""},"categories":[1,3],"tags":[],"class_list":["post-272","post","type-post","status-publish","format-standard","has-post-thumbnail","hentry","category-allgemein","category-seifen"],"_links":{"self":[{"href":"http:\/\/seifen-koenigin.de\/index.php\/wp-json\/wp\/v2\/posts\/272","targetHints":{"allow":["GET"]}}],"collection":[{"href":"http:\/\/seifen-koenigin.de\/index.php\/wp-json\/wp\/v2\/posts"}],"about":[{"href":"http:\/\/seifen-koenigin.de\/index.php\/wp-json\/wp\/v2\/types\/post"}],"author":[{"embeddable":true,"href":"http:\/\/seifen-koenigin.de\/index.php\/wp-json\/wp\/v2\/users\/1"}],"replies":[{"embeddable":true,"href":"http:\/\/seifen-koenigin.de\/index.php\/wp-json\/wp\/v2\/comments?post=272"}],"version-history":[{"count":1,"href":"http:\/\/seifen-koenigin.de\/index.php\/wp-json\/wp\/v2\/posts\/272\/revisions"}],"predecessor-version":[{"id":278,"href":"http:\/\/seifen-koenigin.de\/index.php\/wp-json\/wp\/v2\/posts\/272\/revisions\/278"}],"wp:featuredmedia":[{"embeddable":true,"href":"http:\/\/seifen-koenigin.de\/index.php\/wp-json\/wp\/v2\/media\/277"}],"wp:attachment":[{"href":"http:\/\/seifen-koenigin.de\/index.php\/wp-json\/wp\/v2\/media?parent=272"}],"wp:term":[{"taxonomy":"category","embeddable":true,"href":"http:\/\/seifen-koenigin.de\/index.php\/wp-json\/wp\/v2\/categories?post=272"},{"taxonomy":"post_tag","embeddable":true,"href":"http:\/\/seifen-koenigin.de\/index.php\/wp-json\/wp\/v2\/tags?post=272"}],"curies":[{"name":"wp","href":"https:\/\/api.w.org\/{rel}","templated":true}]}}