{"id":236,"date":"2020-09-16T11:42:51","date_gmt":"2020-09-16T09:42:51","guid":{"rendered":"http:\/\/www.seifen-koenigin.de\/web\/?p=236"},"modified":"2020-09-16T11:42:51","modified_gmt":"2020-09-16T09:42:51","slug":"kaleidoskop-oder-wie-der-sieder-sagt-dingensseife","status":"publish","type":"post","link":"http:\/\/seifen-koenigin.de\/index.php\/2020\/09\/16\/kaleidoskop-oder-wie-der-sieder-sagt-dingensseife\/","title":{"rendered":"Kaleidoskop, oder wie der Sieder sagt: Dingensseife"},"content":{"rendered":"\n<p>Schon seit l\u00e4ngere Zeit werden immer mal wieder Kaleidoskop- oder Dingesseifen in den Foren, Facebookgruppen oder Seifenblogs gezeigt. <\/p>\n\n\n\n<p>Bereits letztes Jahr habe ich mich an dieser Technik versucht und bin auch nicht unzufrieden mit den Seifen. Wichtig hierbei ist, dass der Seifenleim nicht zu fl\u00fcssig aber eben auch nicht zu fest ist. Dazu darf nat\u00fcrlich auch kein andickender Duft verwendet werden.<\/p>\n\n\n\n<figure class=\"wp-block-gallery columns-1 is-cropped wp-block-gallery-1 is-layout-flex wp-block-gallery-is-layout-flex\"><ul class=\"blocks-gallery-grid\"><li class=\"blocks-gallery-item\"><figure><img loading=\"lazy\" decoding=\"async\" width=\"640\" height=\"640\" src=\"http:\/\/www.seifen-koenigin.de\/wp-content\/uploads\/2020\/09\/Collage.jpg\" alt=\"\" data-id=\"237\" data-full-url=\"http:\/\/www.seifen-koenigin.de\/wp-content\/uploads\/2020\/09\/Collage.jpg\" data-link=\"http:\/\/www.seifen-koenigin.de\/?attachment_id=237\" class=\"wp-image-237\" srcset=\"http:\/\/seifen-koenigin.de\/wp-content\/uploads\/2020\/09\/Collage.jpg 640w, http:\/\/seifen-koenigin.de\/wp-content\/uploads\/2020\/09\/Collage-300x300.jpg 300w, http:\/\/seifen-koenigin.de\/wp-content\/uploads\/2020\/09\/Collage-150x150.jpg 150w\" sizes=\"auto, (max-width: 640px) 100vw, 640px\" \/><\/figure><\/li><\/ul><figcaption class=\"blocks-gallery-caption\">Das sind die Seifen vom letzten Jahr<\/figcaption><\/figure>\n\n\n\n<p>Bei der Seife oben links kamen die Farben nicht so zur Geltung, aber trotzdem mag ich sie sehr, sie duftet fein nach einer Mischung aus Lavendel, Rosmarin und Minze. Bei den beiden anderen passte dann auch die Mischung von der Leimkonsistenz und nat\u00fcrlich auch der Farbe. Beide Seifen haben zitrische D\u00fcfte abbekommen.<\/p>\n\n\n\n<p>Die Seife von diesem Jahr sollte auch stimmig werden, der Duft Light Blue Sky sollte farblich unterlegt werden. Also Blau- und Lilat\u00f6ne aus der Farbenkiste geholt, als Kontrast noch etwas Kaolincreme und dann losgelegt. <\/p>\n\n\n\n<figure class=\"wp-block-gallery columns-1 is-cropped wp-block-gallery-2 is-layout-flex wp-block-gallery-is-layout-flex\"><ul class=\"blocks-gallery-grid\"><li class=\"blocks-gallery-item\"><figure><img loading=\"lazy\" decoding=\"async\" width=\"640\" height=\"722\" src=\"http:\/\/www.seifen-koenigin.de\/wp-content\/uploads\/2020\/09\/20200827_094051.jpg\" alt=\"\" data-id=\"238\" data-full-url=\"http:\/\/www.seifen-koenigin.de\/wp-content\/uploads\/2020\/09\/20200827_094051.jpg\" data-link=\"http:\/\/www.seifen-koenigin.de\/?attachment_id=238\" class=\"wp-image-238\" srcset=\"http:\/\/seifen-koenigin.de\/wp-content\/uploads\/2020\/09\/20200827_094051.jpg 640w, http:\/\/seifen-koenigin.de\/wp-content\/uploads\/2020\/09\/20200827_094051-266x300.jpg 266w\" sizes=\"auto, (max-width: 640px) 100vw, 640px\" \/><\/figure><\/li><\/ul><figcaption class=\"blocks-gallery-caption\">Auf Anhieb zufrieden &#8211; auch eher selten bei mir.<\/figcaption><\/figure>\n\n\n\n<p>Nachdem die Seife fertig ausgeformt und geschnitten war musste sie nat\u00fcrlich noch ruhen. Und als neugierige Siederin musste ich auch regelm\u00e4\u00dfig an meiner Seife schnuppern. Schnuppern? Da gibts nix zu schnuppern&#8230; das Parf\u00fcm\u00f6l hat sich verduftet, sehr schade wie ich finde. Nun habe ich zwar eine h\u00fcbsche Seife, aber eben leider ohne Duft. <\/p>\n\n\n\n<figure class=\"wp-block-gallery columns-1 is-cropped wp-block-gallery-3 is-layout-flex wp-block-gallery-is-layout-flex\"><ul class=\"blocks-gallery-grid\"><li class=\"blocks-gallery-item\"><figure><img loading=\"lazy\" decoding=\"async\" width=\"640\" height=\"631\" src=\"http:\/\/www.seifen-koenigin.de\/wp-content\/uploads\/2020\/09\/20200915_170014.jpg\" alt=\"\" data-id=\"239\" data-full-url=\"http:\/\/www.seifen-koenigin.de\/wp-content\/uploads\/2020\/09\/20200915_170014.jpg\" data-link=\"http:\/\/www.seifen-koenigin.de\/?attachment_id=239\" class=\"wp-image-239\" srcset=\"http:\/\/seifen-koenigin.de\/wp-content\/uploads\/2020\/09\/20200915_170014.jpg 640w, http:\/\/seifen-koenigin.de\/wp-content\/uploads\/2020\/09\/20200915_170014-300x296.jpg 300w\" sizes=\"auto, (max-width: 640px) 100vw, 640px\" \/><\/figure><\/li><\/ul><figcaption class=\"blocks-gallery-caption\">Diese Seife entstand aus den Resten<\/figcaption><\/figure>\n\n\n\n<p><\/p>\n","protected":false},"excerpt":{"rendered":"<p>Schon seit l\u00e4ngere Zeit werden immer mal wieder Kaleidoskop- oder Dingesseifen in den Foren, Facebookgruppen oder Seifenblogs gezeigt. Bereits letztes Jahr habe ich mich an dieser Technik versucht und bin auch nicht unzufrieden mit den Seifen. Wichtig hierbei ist, dass der Seifenleim nicht zu fl\u00fcssig aber eben auch nicht zu fest ist. Dazu darf nat\u00fcrlich auch kein andickender Duft verwendet werden. Bei der Seife oben links kamen die Farben nicht so zur Geltung, aber trotzdem mag ich sie sehr, sie duftet fein nach einer Mischung aus Lavendel, Rosmarin und Minze. Bei den beiden anderen passte dann auch die Mischung von&hellip;<\/p>\n","protected":false},"author":1,"featured_media":240,"comment_status":"open","ping_status":"open","sticky":false,"template":"","format":"standard","meta":{"footnotes":""},"categories":[1,3],"tags":[],"class_list":["post-236","post","type-post","status-publish","format-standard","has-post-thumbnail","hentry","category-allgemein","category-seifen"],"_links":{"self":[{"href":"http:\/\/seifen-koenigin.de\/index.php\/wp-json\/wp\/v2\/posts\/236","targetHints":{"allow":["GET"]}}],"collection":[{"href":"http:\/\/seifen-koenigin.de\/index.php\/wp-json\/wp\/v2\/posts"}],"about":[{"href":"http:\/\/seifen-koenigin.de\/index.php\/wp-json\/wp\/v2\/types\/post"}],"author":[{"embeddable":true,"href":"http:\/\/seifen-koenigin.de\/index.php\/wp-json\/wp\/v2\/users\/1"}],"replies":[{"embeddable":true,"href":"http:\/\/seifen-koenigin.de\/index.php\/wp-json\/wp\/v2\/comments?post=236"}],"version-history":[{"count":1,"href":"http:\/\/seifen-koenigin.de\/index.php\/wp-json\/wp\/v2\/posts\/236\/revisions"}],"predecessor-version":[{"id":241,"href":"http:\/\/seifen-koenigin.de\/index.php\/wp-json\/wp\/v2\/posts\/236\/revisions\/241"}],"wp:featuredmedia":[{"embeddable":true,"href":"http:\/\/seifen-koenigin.de\/index.php\/wp-json\/wp\/v2\/media\/240"}],"wp:attachment":[{"href":"http:\/\/seifen-koenigin.de\/index.php\/wp-json\/wp\/v2\/media?parent=236"}],"wp:term":[{"taxonomy":"category","embeddable":true,"href":"http:\/\/seifen-koenigin.de\/index.php\/wp-json\/wp\/v2\/categories?post=236"},{"taxonomy":"post_tag","embeddable":true,"href":"http:\/\/seifen-koenigin.de\/index.php\/wp-json\/wp\/v2\/tags?post=236"}],"curies":[{"name":"wp","href":"https:\/\/api.w.org\/{rel}","templated":true}]}}