{"id":228,"date":"2020-09-16T11:29:38","date_gmt":"2020-09-16T09:29:38","guid":{"rendered":"http:\/\/www.seifen-koenigin.de\/web\/?p=228"},"modified":"2020-09-16T11:29:38","modified_gmt":"2020-09-16T09:29:38","slug":"neon-screwdriver","status":"publish","type":"post","link":"http:\/\/seifen-koenigin.de\/index.php\/2020\/09\/16\/neon-screwdriver\/","title":{"rendered":"Neon-Screwdriver"},"content":{"rendered":"\n<p>Ja, ich mag sie die Neonfarben, schon damals in den 80er Jahren fand ich sie klasse, daher nutze ich sie auch gerne in meinen Seifen.<\/p>\n\n\n\n<p>F\u00fcr diese Seife wurde ich auch mal wieder durch ein YouTubeVideo inspiriert. Faktisch sollte diese Technik easy going sein, wenn da nicht so was w\u00e4re wie andickendes Parf\u00fcm\u00f6l, die falsche Leimkonsistenz oder, oder, oder&#8230; im Zweifelsfall war es das Wetter, oder aber der b\u00f6se Seifenkobold Klaus. Der macht uns Siedern n\u00e4mlich gerne das Leben schwer.<\/p>\n\n\n\n<p>Klaus lebt aber nicht alleine, der hat noch ganz viele Br\u00fcdern, Schwestern, Tanten und Onkels die nat\u00fcrlich \u00fcberall auf der ganzen Welt ihr Unwesen treiben. <\/p>\n\n\n\n<p>Mein erster Versuch schaffte leider nicht den Weg aufs Foto, darf aber aufgrund der Tatsache das es trotzdem Seife geworden ist im Duschs\u00e4ckchen dann mit unter die Dusche. Ans Waschbecken schafft es diese Seife eher nicht&#8230; da h\u00fclle ich jetzt lieber den Mantel des Schweigens dr\u00fcber.<\/p>\n\n\n\n<figure class=\"wp-block-gallery columns-1 is-cropped wp-block-gallery-1 is-layout-flex wp-block-gallery-is-layout-flex\"><ul class=\"blocks-gallery-grid\"><li class=\"blocks-gallery-item\"><figure><img loading=\"lazy\" decoding=\"async\" width=\"640\" height=\"332\" src=\"http:\/\/www.seifen-koenigin.de\/wp-content\/uploads\/2020\/09\/20200828_102023.jpg\" alt=\"\" data-id=\"229\" data-full-url=\"http:\/\/www.seifen-koenigin.de\/wp-content\/uploads\/2020\/09\/20200828_102023.jpg\" data-link=\"http:\/\/www.seifen-koenigin.de\/?attachment_id=229\" class=\"wp-image-229\" srcset=\"http:\/\/seifen-koenigin.de\/wp-content\/uploads\/2020\/09\/20200828_102023.jpg 640w, http:\/\/seifen-koenigin.de\/wp-content\/uploads\/2020\/09\/20200828_102023-300x156.jpg 300w\" sizes=\"auto, (max-width: 640px) 100vw, 640px\" \/><\/figure><\/li><\/ul><figcaption class=\"blocks-gallery-caption\">Frisch eingeformt, man kann hervorragend erkennen wie fest der Seifenleim schon war<\/figcaption><\/figure>\n\n\n\n<p>Neben den \u00fcblichen Dingen wie Fette, \u00d6le, Wasser, Farbe, Duft und Natriumhydroxid musste ich diesmal auch den Akkuschrauber und einen dicken Bohrer in die K\u00fcche holen.<\/p>\n\n\n\n<p>Das Zusammenr\u00fchren vom Seifenleim war eher noch unspektakul\u00e4r, zuerst noch zwei Einzelf\u00f6rmchen gef\u00fcllt, dann an die Blockform gemacht. Hier merkte ich schon dass das vermeintlich brave Parf\u00fcm\u00f6l (Jellybeans von Gracefruit *unbezahlte Werbung*) doch viel schneller andickte. Ich hatte n\u00e4mlich vor gehabt, dass das gelb und orange fein ineinander flie\u00dfen w\u00fcrden. So mein Plan.<\/p>\n\n\n\n<p>Als dann alles in der Blockform war dann vorsichtig mit dem Akkubohrer in den Seifenleim. Dieser lief schon gar nicht mehr fein zusammen, daher auch die unebene Struktur obenauf. Ich rechnete ja schon wieder mit dem Schlimmsten, musste aber trotzdem mindestens 24 Stunden warten, bis ich ausformen und schneiden konnte.<\/p>\n\n\n\n<figure class=\"wp-block-gallery columns-3 is-cropped wp-block-gallery-2 is-layout-flex wp-block-gallery-is-layout-flex\"><ul class=\"blocks-gallery-grid\"><li class=\"blocks-gallery-item\"><figure><img loading=\"lazy\" decoding=\"async\" width=\"640\" height=\"261\" src=\"http:\/\/www.seifen-koenigin.de\/wp-content\/uploads\/2020\/09\/20200828_205537.jpg\" alt=\"\" data-id=\"230\" data-link=\"http:\/\/www.seifen-koenigin.de\/?attachment_id=230\" class=\"wp-image-230\" srcset=\"http:\/\/seifen-koenigin.de\/wp-content\/uploads\/2020\/09\/20200828_205537.jpg 640w, http:\/\/seifen-koenigin.de\/wp-content\/uploads\/2020\/09\/20200828_205537-300x122.jpg 300w\" sizes=\"auto, (max-width: 640px) 100vw, 640px\" \/><\/figure><\/li><li class=\"blocks-gallery-item\"><figure><img loading=\"lazy\" decoding=\"async\" width=\"640\" height=\"269\" src=\"http:\/\/www.seifen-koenigin.de\/wp-content\/uploads\/2020\/09\/20200828_205504.jpg\" alt=\"\" data-id=\"231\" data-link=\"http:\/\/www.seifen-koenigin.de\/?attachment_id=231\" class=\"wp-image-231\" srcset=\"http:\/\/seifen-koenigin.de\/wp-content\/uploads\/2020\/09\/20200828_205504.jpg 640w, http:\/\/seifen-koenigin.de\/wp-content\/uploads\/2020\/09\/20200828_205504-300x126.jpg 300w\" sizes=\"auto, (max-width: 640px) 100vw, 640px\" \/><\/figure><\/li><li class=\"blocks-gallery-item\"><figure><img loading=\"lazy\" decoding=\"async\" width=\"640\" height=\"259\" src=\"http:\/\/www.seifen-koenigin.de\/wp-content\/uploads\/2020\/09\/20200828_204823.jpg\" alt=\"\" data-id=\"232\" data-full-url=\"http:\/\/www.seifen-koenigin.de\/wp-content\/uploads\/2020\/09\/20200828_204823.jpg\" data-link=\"http:\/\/www.seifen-koenigin.de\/?attachment_id=232\" class=\"wp-image-232\" srcset=\"http:\/\/seifen-koenigin.de\/wp-content\/uploads\/2020\/09\/20200828_204823.jpg 640w, http:\/\/seifen-koenigin.de\/wp-content\/uploads\/2020\/09\/20200828_204823-300x121.jpg 300w\" sizes=\"auto, (max-width: 640px) 100vw, 640px\" \/><\/figure><\/li><\/ul><figcaption class=\"blocks-gallery-caption\">Wurde doch viel besser wie angenommen<\/figcaption><\/figure>\n\n\n\n<p>Ich wei\u00df, diese Technik werde ich auf jeden Fall noch mal probieren und einfach auf einen fl\u00fcssigeren Seifenleim hoffen. Das Ergebnis erinnert mich teilweise an Wellen und ich bin sehr froh, dass es keine L\u00f6cher gegeben hat.<\/p>\n\n\n\n<figure class=\"wp-block-gallery columns-1 is-cropped wp-block-gallery-3 is-layout-flex wp-block-gallery-is-layout-flex\"><ul class=\"blocks-gallery-grid\"><li class=\"blocks-gallery-item\"><figure><img loading=\"lazy\" decoding=\"async\" width=\"640\" height=\"424\" src=\"http:\/\/www.seifen-koenigin.de\/wp-content\/uploads\/2020\/09\/20200915_165700.jpg\" alt=\"\" data-id=\"233\" data-full-url=\"http:\/\/www.seifen-koenigin.de\/wp-content\/uploads\/2020\/09\/20200915_165700.jpg\" data-link=\"http:\/\/www.seifen-koenigin.de\/?attachment_id=233\" class=\"wp-image-233\" srcset=\"http:\/\/seifen-koenigin.de\/wp-content\/uploads\/2020\/09\/20200915_165700.jpg 640w, http:\/\/seifen-koenigin.de\/wp-content\/uploads\/2020\/09\/20200915_165700-300x199.jpg 300w\" sizes=\"auto, (max-width: 640px) 100vw, 640px\" \/><\/figure><\/li><\/ul><figcaption class=\"blocks-gallery-caption\">Hier kann ich auch noch \u00fcben<\/figcaption><\/figure>\n\n\n\n<p>Diese Formen hab ich f\u00fcr meinen Mann besorgt, er ist Mickey Mouse Fand und ich brauchte ja einen Grund warum ich diese s\u00fc\u00dfen Formen kaufen musste. Ich \u00fcbe noch daran die Formen sauberer zu bef\u00fcllen, bin aber auch hier nicht unzufrieden.<\/p>\n","protected":false},"excerpt":{"rendered":"<p>Ja, ich mag sie die Neonfarben, schon damals in den 80er Jahren fand ich sie klasse, daher nutze ich sie auch gerne in meinen Seifen. F\u00fcr diese Seife wurde ich auch mal wieder durch ein YouTubeVideo inspiriert. Faktisch sollte diese Technik easy going sein, wenn da nicht so was w\u00e4re wie andickendes Parf\u00fcm\u00f6l, die falsche Leimkonsistenz oder, oder, oder&#8230; im Zweifelsfall war es das Wetter, oder aber der b\u00f6se Seifenkobold Klaus. Der macht uns Siedern n\u00e4mlich gerne das Leben schwer. Klaus lebt aber nicht alleine, der hat noch ganz viele Br\u00fcdern, Schwestern, Tanten und Onkels die nat\u00fcrlich \u00fcberall auf der&hellip;<\/p>\n","protected":false},"author":1,"featured_media":234,"comment_status":"open","ping_status":"open","sticky":false,"template":"","format":"standard","meta":{"footnotes":""},"categories":[1,3],"tags":[],"class_list":["post-228","post","type-post","status-publish","format-standard","has-post-thumbnail","hentry","category-allgemein","category-seifen"],"_links":{"self":[{"href":"http:\/\/seifen-koenigin.de\/index.php\/wp-json\/wp\/v2\/posts\/228","targetHints":{"allow":["GET"]}}],"collection":[{"href":"http:\/\/seifen-koenigin.de\/index.php\/wp-json\/wp\/v2\/posts"}],"about":[{"href":"http:\/\/seifen-koenigin.de\/index.php\/wp-json\/wp\/v2\/types\/post"}],"author":[{"embeddable":true,"href":"http:\/\/seifen-koenigin.de\/index.php\/wp-json\/wp\/v2\/users\/1"}],"replies":[{"embeddable":true,"href":"http:\/\/seifen-koenigin.de\/index.php\/wp-json\/wp\/v2\/comments?post=228"}],"version-history":[{"count":1,"href":"http:\/\/seifen-koenigin.de\/index.php\/wp-json\/wp\/v2\/posts\/228\/revisions"}],"predecessor-version":[{"id":235,"href":"http:\/\/seifen-koenigin.de\/index.php\/wp-json\/wp\/v2\/posts\/228\/revisions\/235"}],"wp:featuredmedia":[{"embeddable":true,"href":"http:\/\/seifen-koenigin.de\/index.php\/wp-json\/wp\/v2\/media\/234"}],"wp:attachment":[{"href":"http:\/\/seifen-koenigin.de\/index.php\/wp-json\/wp\/v2\/media?parent=228"}],"wp:term":[{"taxonomy":"category","embeddable":true,"href":"http:\/\/seifen-koenigin.de\/index.php\/wp-json\/wp\/v2\/categories?post=228"},{"taxonomy":"post_tag","embeddable":true,"href":"http:\/\/seifen-koenigin.de\/index.php\/wp-json\/wp\/v2\/tags?post=228"}],"curies":[{"name":"wp","href":"https:\/\/api.w.org\/{rel}","templated":true}]}}