{"id":221,"date":"2020-09-16T11:13:00","date_gmt":"2020-09-16T09:13:00","guid":{"rendered":"http:\/\/www.seifen-koenigin.de\/web\/?p=221"},"modified":"2020-09-16T11:13:00","modified_gmt":"2020-09-16T09:13:00","slug":"wattnschaf","status":"publish","type":"post","link":"http:\/\/seifen-koenigin.de\/index.php\/2020\/09\/16\/wattnschaf\/","title":{"rendered":"Watt\u00b4n\u00b4Schaf"},"content":{"rendered":"\n<p>Da unser geplanter Sommerurlaub leider ausfallen musste haben wir trotzdem die Chance bekommen f\u00fcr ein paar Tage das Haus verlassen zu k\u00f6nnen. Bis vor ein paar Jahren waren wir regelm\u00e4\u00dfig auf Norderney, aber seit der Campingplatz den wir hatten geschlossen wurde mussten wir ja umdisponieren. So waren wir dieses Jahr an der Nordseek\u00fcste aufm Festland. Und dabei ist die Idee f\u00fcr diese Seife entstanden.<\/p>\n\n\n\n<figure class=\"wp-block-gallery columns-3 is-cropped wp-block-gallery-1 is-layout-flex wp-block-gallery-is-layout-flex\"><ul class=\"blocks-gallery-grid\"><li class=\"blocks-gallery-item\"><figure><img loading=\"lazy\" decoding=\"async\" width=\"640\" height=\"262\" src=\"http:\/\/www.seifen-koenigin.de\/wp-content\/uploads\/2020\/09\/20200801_125909.jpg\" alt=\"\" data-id=\"222\" data-link=\"http:\/\/www.seifen-koenigin.de\/?attachment_id=222\" class=\"wp-image-222\" srcset=\"http:\/\/seifen-koenigin.de\/wp-content\/uploads\/2020\/09\/20200801_125909.jpg 640w, http:\/\/seifen-koenigin.de\/wp-content\/uploads\/2020\/09\/20200801_125909-300x123.jpg 300w\" sizes=\"auto, (max-width: 640px) 100vw, 640px\" \/><\/figure><\/li><li class=\"blocks-gallery-item\"><figure><img loading=\"lazy\" decoding=\"async\" width=\"640\" height=\"480\" src=\"http:\/\/www.seifen-koenigin.de\/wp-content\/uploads\/2020\/09\/20200730_141808.jpg\" alt=\"\" data-id=\"223\" data-full-url=\"http:\/\/www.seifen-koenigin.de\/wp-content\/uploads\/2020\/09\/20200730_141808.jpg\" data-link=\"http:\/\/www.seifen-koenigin.de\/?attachment_id=223\" class=\"wp-image-223\" srcset=\"http:\/\/seifen-koenigin.de\/wp-content\/uploads\/2020\/09\/20200730_141808.jpg 640w, http:\/\/seifen-koenigin.de\/wp-content\/uploads\/2020\/09\/20200730_141808-300x225.jpg 300w\" sizes=\"auto, (max-width: 640px) 100vw, 640px\" \/><\/figure><\/li><li class=\"blocks-gallery-item\"><figure><img loading=\"lazy\" decoding=\"async\" width=\"640\" height=\"480\" src=\"http:\/\/www.seifen-koenigin.de\/wp-content\/uploads\/2020\/09\/20200730_205122.jpg\" alt=\"\" data-id=\"224\" data-full-url=\"http:\/\/www.seifen-koenigin.de\/wp-content\/uploads\/2020\/09\/20200730_205122.jpg\" data-link=\"http:\/\/www.seifen-koenigin.de\/?attachment_id=224\" class=\"wp-image-224\" srcset=\"http:\/\/seifen-koenigin.de\/wp-content\/uploads\/2020\/09\/20200730_205122.jpg 640w, http:\/\/seifen-koenigin.de\/wp-content\/uploads\/2020\/09\/20200730_205122-300x225.jpg 300w\" sizes=\"auto, (max-width: 640px) 100vw, 640px\" \/><\/figure><\/li><\/ul><figcaption class=\"blocks-gallery-caption\">Die Hauptakteure der Seife<\/figcaption><\/figure>\n\n\n\n<p>Beim Zusammentragen der Zutaten haben unsere Kinder mich reichlich unterst\u00fctzt. So kam in meine Seife die Wolle von den Schafen die auf den D\u00e4mmen liefen, also nur das was rumlag bzw. am Zaun hing. Nat\u00fcrlich auch Meerwasser und Schlick. Schafmilch und Schaffett habe ich mir auch noch besorgt und dann habe ich mein Seifchen hergestellt, genauso wie ich mir das vorgestellt hab.<\/p>\n\n\n\n<figure class=\"wp-block-gallery columns-1 is-cropped wp-block-gallery-2 is-layout-flex wp-block-gallery-is-layout-flex\"><ul class=\"blocks-gallery-grid\"><li class=\"blocks-gallery-item\"><figure><img loading=\"lazy\" decoding=\"async\" width=\"640\" height=\"379\" src=\"http:\/\/www.seifen-koenigin.de\/wp-content\/uploads\/2020\/09\/20200823_124943.jpg\" alt=\"\" data-id=\"225\" data-full-url=\"http:\/\/www.seifen-koenigin.de\/wp-content\/uploads\/2020\/09\/20200823_124943.jpg\" data-link=\"http:\/\/www.seifen-koenigin.de\/?attachment_id=225\" class=\"wp-image-225\" srcset=\"http:\/\/seifen-koenigin.de\/wp-content\/uploads\/2020\/09\/20200823_124943.jpg 640w, http:\/\/seifen-koenigin.de\/wp-content\/uploads\/2020\/09\/20200823_124943-300x178.jpg 300w\" sizes=\"auto, (max-width: 640px) 100vw, 640px\" \/><\/figure><\/li><\/ul><figcaption class=\"blocks-gallery-caption\">Passend umgesetzt wie ich finde<\/figcaption><\/figure>\n\n\n\n<p>Ich habe nicht nur Schlick im unteren Teil der Seife f\u00fcr den Boden eingearbeitet, auch in der restlichen Seife habe ich etwas Strandsand verarbeitet, so hat die Seife einen feinen Peelingeffekt. Die Mischung der beiden verwendeten Parf\u00fcm\u00f6le finde ich, gibt ein wenig den Geruch vom Meer wieder.<\/p>\n","protected":false},"excerpt":{"rendered":"<p>Da unser geplanter Sommerurlaub leider ausfallen musste haben wir trotzdem die Chance bekommen f\u00fcr ein paar Tage das Haus verlassen zu k\u00f6nnen. Bis vor ein paar Jahren waren wir regelm\u00e4\u00dfig auf Norderney, aber seit der Campingplatz den wir hatten geschlossen wurde mussten wir ja umdisponieren. So waren wir dieses Jahr an der Nordseek\u00fcste aufm Festland. Und dabei ist die Idee f\u00fcr diese Seife entstanden. Beim Zusammentragen der Zutaten haben unsere Kinder mich reichlich unterst\u00fctzt. So kam in meine Seife die Wolle von den Schafen die auf den D\u00e4mmen liefen, also nur das was rumlag bzw. am Zaun hing. Nat\u00fcrlich auch&hellip;<\/p>\n","protected":false},"author":1,"featured_media":226,"comment_status":"open","ping_status":"open","sticky":false,"template":"","format":"standard","meta":{"footnotes":""},"categories":[1,3],"tags":[],"class_list":["post-221","post","type-post","status-publish","format-standard","has-post-thumbnail","hentry","category-allgemein","category-seifen"],"_links":{"self":[{"href":"http:\/\/seifen-koenigin.de\/index.php\/wp-json\/wp\/v2\/posts\/221","targetHints":{"allow":["GET"]}}],"collection":[{"href":"http:\/\/seifen-koenigin.de\/index.php\/wp-json\/wp\/v2\/posts"}],"about":[{"href":"http:\/\/seifen-koenigin.de\/index.php\/wp-json\/wp\/v2\/types\/post"}],"author":[{"embeddable":true,"href":"http:\/\/seifen-koenigin.de\/index.php\/wp-json\/wp\/v2\/users\/1"}],"replies":[{"embeddable":true,"href":"http:\/\/seifen-koenigin.de\/index.php\/wp-json\/wp\/v2\/comments?post=221"}],"version-history":[{"count":1,"href":"http:\/\/seifen-koenigin.de\/index.php\/wp-json\/wp\/v2\/posts\/221\/revisions"}],"predecessor-version":[{"id":227,"href":"http:\/\/seifen-koenigin.de\/index.php\/wp-json\/wp\/v2\/posts\/221\/revisions\/227"}],"wp:featuredmedia":[{"embeddable":true,"href":"http:\/\/seifen-koenigin.de\/index.php\/wp-json\/wp\/v2\/media\/226"}],"wp:attachment":[{"href":"http:\/\/seifen-koenigin.de\/index.php\/wp-json\/wp\/v2\/media?parent=221"}],"wp:term":[{"taxonomy":"category","embeddable":true,"href":"http:\/\/seifen-koenigin.de\/index.php\/wp-json\/wp\/v2\/categories?post=221"},{"taxonomy":"post_tag","embeddable":true,"href":"http:\/\/seifen-koenigin.de\/index.php\/wp-json\/wp\/v2\/tags?post=221"}],"curies":[{"name":"wp","href":"https:\/\/api.w.org\/{rel}","templated":true}]}}