{"id":210,"date":"2020-09-15T20:40:22","date_gmt":"2020-09-15T18:40:22","guid":{"rendered":"http:\/\/www.seifen-koenigin.de\/web\/?p=210"},"modified":"2020-09-15T20:40:22","modified_gmt":"2020-09-15T18:40:22","slug":"salzseifen","status":"publish","type":"post","link":"http:\/\/seifen-koenigin.de\/index.php\/2020\/09\/15\/salzseifen\/","title":{"rendered":"Salzseifen"},"content":{"rendered":"\n<p>Sie sind ganz fein f\u00fcr die Haut, \u00e4hnlich wie ein Bad in der Nordsee finde ich die Haut danach ganz weich.<\/p>\n\n\n\n<p>Damit das Salz in meinen Salzseifen nicht so kratzig ist mahle ich es in der elektrischen Kaffeem\u00fchle so fein wie m\u00f6glich.<\/p>\n\n\n\n<p>Weiterhin sagt man Salzseifen nach, sie w\u00fcrden den Duft verschlucken, das habe ich bisher noch nicht feststellen k\u00f6nnen.<\/p>\n\n\n\n<p>Eine meiner neuesten Salzseife ist diese hier mit gr\u00fcner Tonerde<\/p>\n\n\n\n<figure class=\"wp-block-gallery columns-1 is-cropped wp-block-gallery-1 is-layout-flex wp-block-gallery-is-layout-flex\"><ul class=\"blocks-gallery-grid\"><li class=\"blocks-gallery-item\"><figure><img loading=\"lazy\" decoding=\"async\" width=\"640\" height=\"571\" src=\"http:\/\/www.seifen-koenigin.de\/wp-content\/uploads\/2020\/09\/20200823_122340.jpg\" alt=\"\" data-id=\"211\" data-full-url=\"http:\/\/www.seifen-koenigin.de\/wp-content\/uploads\/2020\/09\/20200823_122340.jpg\" data-link=\"http:\/\/www.seifen-koenigin.de\/?attachment_id=211\" class=\"wp-image-211\" srcset=\"http:\/\/seifen-koenigin.de\/wp-content\/uploads\/2020\/09\/20200823_122340.jpg 640w, http:\/\/seifen-koenigin.de\/wp-content\/uploads\/2020\/09\/20200823_122340-300x268.jpg 300w\" sizes=\"auto, (max-width: 640px) 100vw, 640px\" \/><\/figure><\/li><\/ul><figcaption class=\"blocks-gallery-caption\">Salzseife mit gr\u00fcner Tonerde<\/figcaption><\/figure>\n\n\n\n<p>Eigentlich hatte ich gehofft das sich die gr\u00fcne Tonerde gleichm\u00e4\u00dfig in der Seife verteilt und war anfangs etwas entt\u00e4uscht, aber mittlerweile gef\u00e4llt mir die Optik richtig gut. <\/p>\n\n\n\n<p>Die Tonerde macht einen cremigen Schaum, die enthaltene Seide pflegt ebenfalls. Beduftet ist sie mit einer Mischung aus \u00e4therischen \u00d6len.<\/p>\n\n\n\n<p>Da Salzseifen meist nicht gut sch\u00e4umen, habe ich hier zudem auch noch eine Mischverseigung gemacht, also diesmal mit NaOH und KOH gearbeitet. Jetzt darf sie aber erst mal noch eine Weile ruhen bevor sie mit unter die Dusche kommt. <\/p>\n","protected":false},"excerpt":{"rendered":"<p>Sie sind ganz fein f\u00fcr die Haut, \u00e4hnlich wie ein Bad in der Nordsee finde ich die Haut danach ganz weich. Damit das Salz in meinen Salzseifen nicht so kratzig ist mahle ich es in der elektrischen Kaffeem\u00fchle so fein wie m\u00f6glich. Weiterhin sagt man Salzseifen nach, sie w\u00fcrden den Duft verschlucken, das habe ich bisher noch nicht feststellen k\u00f6nnen. Eine meiner neuesten Salzseife ist diese hier mit gr\u00fcner Tonerde Eigentlich hatte ich gehofft das sich die gr\u00fcne Tonerde gleichm\u00e4\u00dfig in der Seife verteilt und war anfangs etwas entt\u00e4uscht, aber mittlerweile gef\u00e4llt mir die Optik richtig gut. Die Tonerde macht&hellip;<\/p>\n","protected":false},"author":1,"featured_media":212,"comment_status":"open","ping_status":"open","sticky":false,"template":"","format":"standard","meta":{"footnotes":""},"categories":[1,3],"tags":[],"class_list":["post-210","post","type-post","status-publish","format-standard","has-post-thumbnail","hentry","category-allgemein","category-seifen"],"_links":{"self":[{"href":"http:\/\/seifen-koenigin.de\/index.php\/wp-json\/wp\/v2\/posts\/210","targetHints":{"allow":["GET"]}}],"collection":[{"href":"http:\/\/seifen-koenigin.de\/index.php\/wp-json\/wp\/v2\/posts"}],"about":[{"href":"http:\/\/seifen-koenigin.de\/index.php\/wp-json\/wp\/v2\/types\/post"}],"author":[{"embeddable":true,"href":"http:\/\/seifen-koenigin.de\/index.php\/wp-json\/wp\/v2\/users\/1"}],"replies":[{"embeddable":true,"href":"http:\/\/seifen-koenigin.de\/index.php\/wp-json\/wp\/v2\/comments?post=210"}],"version-history":[{"count":1,"href":"http:\/\/seifen-koenigin.de\/index.php\/wp-json\/wp\/v2\/posts\/210\/revisions"}],"predecessor-version":[{"id":213,"href":"http:\/\/seifen-koenigin.de\/index.php\/wp-json\/wp\/v2\/posts\/210\/revisions\/213"}],"wp:featuredmedia":[{"embeddable":true,"href":"http:\/\/seifen-koenigin.de\/index.php\/wp-json\/wp\/v2\/media\/212"}],"wp:attachment":[{"href":"http:\/\/seifen-koenigin.de\/index.php\/wp-json\/wp\/v2\/media?parent=210"}],"wp:term":[{"taxonomy":"category","embeddable":true,"href":"http:\/\/seifen-koenigin.de\/index.php\/wp-json\/wp\/v2\/categories?post=210"},{"taxonomy":"post_tag","embeddable":true,"href":"http:\/\/seifen-koenigin.de\/index.php\/wp-json\/wp\/v2\/tags?post=210"}],"curies":[{"name":"wp","href":"https:\/\/api.w.org\/{rel}","templated":true}]}}