{"id":194,"date":"2020-07-26T18:19:23","date_gmt":"2020-07-26T16:19:23","guid":{"rendered":"http:\/\/www.seifen-koenigin.de\/web\/?p=194"},"modified":"2020-07-26T18:19:23","modified_gmt":"2020-07-26T16:19:23","slug":"kraeuterwiese","status":"publish","type":"post","link":"http:\/\/seifen-koenigin.de\/index.php\/2020\/07\/26\/kraeuterwiese\/","title":{"rendered":"Kr\u00e4uterwiese"},"content":{"rendered":"\n<p>Vom Aussehen her eher schlicht und fast schon rustikal, aber hier hoffe ich auf den Inhalt.<\/p>\n\n\n\n<p>Die Idee einer Kr\u00e4uterseife ist auch nicht neu erfunden. Hier habe ich die Idee der Milchverarbeitung in der Seife meiner lieben Seifenfreundin Nicole aufgegriffen. Sie hatte f\u00fcr ihre L\u00f6wenzahnseife eine L\u00f6wenzahnmilch gemacht.<\/p>\n\n\n\n<p>Also habe ich im Garten Gundermann, Zitronenmelisse, Pfefferminz und Frauenmantel gepfl\u00fcckt und in warmer Milch baden lassen. Gundermann durfte auch ein warmes Oliven\u00f6lbad nehmen und damit der nicht so alleine war zog neben ihm auch noch die Brennnessel im Reis\u00f6l ein.<\/p>\n\n\n\n<figure class=\"wp-block-image size-large\"><img loading=\"lazy\" decoding=\"async\" width=\"640\" height=\"464\" src=\"http:\/\/www.seifen-koenigin.de\/wp-content\/uploads\/2020\/07\/Mazerate-Web.jpg\" alt=\"\" class=\"wp-image-195\" srcset=\"http:\/\/seifen-koenigin.de\/wp-content\/uploads\/2020\/07\/Mazerate-Web.jpg 640w, http:\/\/seifen-koenigin.de\/wp-content\/uploads\/2020\/07\/Mazerate-Web-300x218.jpg 300w\" sizes=\"auto, (max-width: 640px) 100vw, 640px\" \/><figcaption>Hier der Rest von den Mazeraten<\/figcaption><\/figure>\n\n\n\n<p>Von der Kr\u00e4utermilch hab ich leider kein Foto gemacht, dabei hatte sie so eine tolle Farbe. Die ausgezogenen Kr\u00e4uter hatte ich in der Milch p\u00fcriert und abgesiebt, sie kamen dann in etwas sp\u00e4ter in den Seifenleim, wo auch noch gr\u00fcne Tonerde mit reinkam. <\/p>\n\n\n\n<p>Sie duftet fein nach Herbs Ex, wobei der Duft nach dem Schneiden gar nicht durchgekommen ist. Da erinnerte sie mich eher an nasses Hundefell&#8230; <\/p>\n\n\n\n<figure class=\"wp-block-gallery columns-1 is-cropped wp-block-gallery-1 is-layout-flex wp-block-gallery-is-layout-flex\"><ul class=\"blocks-gallery-grid\"><li class=\"blocks-gallery-item\"><figure><img loading=\"lazy\" decoding=\"async\" width=\"640\" height=\"582\" src=\"http:\/\/www.seifen-koenigin.de\/wp-content\/uploads\/2020\/07\/Kr\u00e4uterwiese-Web.jpg\" alt=\"\" data-id=\"196\" data-full-url=\"http:\/\/www.seifen-koenigin.de\/wp-content\/uploads\/2020\/07\/Kr\u00e4uterwiese-Web.jpg\" data-link=\"http:\/\/www.seifen-koenigin.de\/?attachment_id=196\" class=\"wp-image-196\" srcset=\"http:\/\/seifen-koenigin.de\/wp-content\/uploads\/2020\/07\/Kr\u00e4uterwiese-Web.jpg 640w, http:\/\/seifen-koenigin.de\/wp-content\/uploads\/2020\/07\/Kr\u00e4uterwiese-Web-300x273.jpg 300w\" sizes=\"auto, (max-width: 640px) 100vw, 640px\" \/><\/figure><\/li><\/ul><figcaption class=\"blocks-gallery-caption\">In Wirklichkeit ist die Farbe der Seife viel dunkler (und man sieht meine Fingerabdr\u00fccke)<\/figcaption><\/figure>\n\n\n\n<p>Tonerden sorgen f\u00fcr einen cremigen Schaum und ich freu mich schon drauf sie in 8 &#8211; 10 Wochen das erste Mal anzuwaschen, bis dahin darf sie bei den anderen Seifen ruhen.<\/p>\n","protected":false},"excerpt":{"rendered":"<p>Vom Aussehen her eher schlicht und fast schon rustikal, aber hier hoffe ich auf den Inhalt. Die Idee einer Kr\u00e4uterseife ist auch nicht neu erfunden. Hier habe ich die Idee der Milchverarbeitung in der Seife meiner lieben Seifenfreundin Nicole aufgegriffen. Sie hatte f\u00fcr ihre L\u00f6wenzahnseife eine L\u00f6wenzahnmilch gemacht. Also habe ich im Garten Gundermann, Zitronenmelisse, Pfefferminz und Frauenmantel gepfl\u00fcckt und in warmer Milch baden lassen. Gundermann durfte auch ein warmes Oliven\u00f6lbad nehmen und damit der nicht so alleine war zog neben ihm auch noch die Brennnessel im Reis\u00f6l ein. Von der Kr\u00e4utermilch hab ich leider kein Foto gemacht, dabei hatte&hellip;<\/p>\n","protected":false},"author":1,"featured_media":197,"comment_status":"open","ping_status":"open","sticky":false,"template":"","format":"standard","meta":{"footnotes":""},"categories":[3],"tags":[],"class_list":["post-194","post","type-post","status-publish","format-standard","has-post-thumbnail","hentry","category-seifen"],"_links":{"self":[{"href":"http:\/\/seifen-koenigin.de\/index.php\/wp-json\/wp\/v2\/posts\/194","targetHints":{"allow":["GET"]}}],"collection":[{"href":"http:\/\/seifen-koenigin.de\/index.php\/wp-json\/wp\/v2\/posts"}],"about":[{"href":"http:\/\/seifen-koenigin.de\/index.php\/wp-json\/wp\/v2\/types\/post"}],"author":[{"embeddable":true,"href":"http:\/\/seifen-koenigin.de\/index.php\/wp-json\/wp\/v2\/users\/1"}],"replies":[{"embeddable":true,"href":"http:\/\/seifen-koenigin.de\/index.php\/wp-json\/wp\/v2\/comments?post=194"}],"version-history":[{"count":1,"href":"http:\/\/seifen-koenigin.de\/index.php\/wp-json\/wp\/v2\/posts\/194\/revisions"}],"predecessor-version":[{"id":198,"href":"http:\/\/seifen-koenigin.de\/index.php\/wp-json\/wp\/v2\/posts\/194\/revisions\/198"}],"wp:featuredmedia":[{"embeddable":true,"href":"http:\/\/seifen-koenigin.de\/index.php\/wp-json\/wp\/v2\/media\/197"}],"wp:attachment":[{"href":"http:\/\/seifen-koenigin.de\/index.php\/wp-json\/wp\/v2\/media?parent=194"}],"wp:term":[{"taxonomy":"category","embeddable":true,"href":"http:\/\/seifen-koenigin.de\/index.php\/wp-json\/wp\/v2\/categories?post=194"},{"taxonomy":"post_tag","embeddable":true,"href":"http:\/\/seifen-koenigin.de\/index.php\/wp-json\/wp\/v2\/tags?post=194"}],"curies":[{"name":"wp","href":"https:\/\/api.w.org\/{rel}","templated":true}]}}