{"id":188,"date":"2020-07-27T12:00:00","date_gmt":"2020-07-27T10:00:00","guid":{"rendered":"http:\/\/www.seifen-koenigin.de\/web\/?p=188"},"modified":"2020-07-27T13:11:59","modified_gmt":"2020-07-27T11:11:59","slug":"badeperlen","status":"publish","type":"post","link":"http:\/\/seifen-koenigin.de\/index.php\/2020\/07\/27\/badeperlen\/","title":{"rendered":"Badeperlen"},"content":{"rendered":"\n<p>Ja, auch sie eignen sich um in Seife zu bringen. Ich bin ehrlich, es ist nicht meine Idee gewesen, aber ich durfte sie aufgreifen.<\/p>\n\n\n\n<p>Die Seifenbasis ist unbeduftet besteht aus sehr viel Olive, einem Viertel Kokos\u00f6l (dadurch muss sie nicht so lange reifen wie eine reine Oliven\u00f6lseife) und etwas Rizinus\u00f6l.<\/p>\n\n\n\n<figure class=\"wp-block-image size-large\"><img loading=\"lazy\" decoding=\"async\" width=\"408\" height=\"428\" src=\"http:\/\/www.seifen-koenigin.de\/wp-content\/uploads\/2020\/07\/Pur-Olive-Web.jpg\" alt=\"\" class=\"wp-image-189\" srcset=\"http:\/\/seifen-koenigin.de\/wp-content\/uploads\/2020\/07\/Pur-Olive-Web.jpg 408w, http:\/\/seifen-koenigin.de\/wp-content\/uploads\/2020\/07\/Pur-Olive-Web-286x300.jpg 286w\" sizes=\"auto, (max-width: 408px) 100vw, 408px\" \/><figcaption>So sieht sie ohne den Zusatz aus<\/figcaption><\/figure>\n\n\n\n<p>Da waren ja noch die Badeperlen, duften frisch nach Beeren und sind rot. Erw\u00fcnscht waren rote Punkte in der Seife, was auch funktioniert hat.<\/p>\n\n\n\n<figure class=\"wp-block-gallery columns-1 is-cropped wp-block-gallery-1 is-layout-flex wp-block-gallery-is-layout-flex\"><ul class=\"blocks-gallery-grid\"><li class=\"blocks-gallery-item\"><figure><img loading=\"lazy\" decoding=\"async\" width=\"487\" height=\"598\" src=\"http:\/\/www.seifen-koenigin.de\/wp-content\/uploads\/2020\/07\/Pur-Olive-und-Badeperlen-Web.jpg\" alt=\"\" data-id=\"190\" data-full-url=\"http:\/\/www.seifen-koenigin.de\/wp-content\/uploads\/2020\/07\/Pur-Olive-und-Badeperlen-Web.jpg\" data-link=\"http:\/\/www.seifen-koenigin.de\/?attachment_id=190\" class=\"wp-image-190\" srcset=\"http:\/\/seifen-koenigin.de\/wp-content\/uploads\/2020\/07\/Pur-Olive-und-Badeperlen-Web.jpg 487w, http:\/\/seifen-koenigin.de\/wp-content\/uploads\/2020\/07\/Pur-Olive-und-Badeperlen-Web-244x300.jpg 244w\" sizes=\"auto, (max-width: 487px) 100vw, 487px\" \/><\/figure><\/li><\/ul><figcaption class=\"blocks-gallery-caption\">Aber irgendwie haben sich die Badeperlen schon fr\u00fcher aufgel\u00f6st wie gew\u00fcnscht&#8230;<\/figcaption><\/figure>\n\n\n\n<p>Das Foto ist schon ein paar Tage alt, ich habe heute nochmal ein Vergleichsfoto gemacht und irgendwie hat sich meine Seife doch ver\u00e4ndert. Mir gefiel sie aber auch vorher schon richtig gut&#8230;<\/p>\n\n\n\n<figure class=\"wp-block-image size-large\"><img loading=\"lazy\" decoding=\"async\" width=\"640\" height=\"647\" src=\"http:\/\/www.seifen-koenigin.de\/wp-content\/uploads\/2020\/07\/Horizontal-Web.jpg\" alt=\"\" class=\"wp-image-191\" srcset=\"http:\/\/seifen-koenigin.de\/wp-content\/uploads\/2020\/07\/Horizontal-Web.jpg 640w, http:\/\/seifen-koenigin.de\/wp-content\/uploads\/2020\/07\/Horizontal-Web-297x300.jpg 297w\" sizes=\"auto, (max-width: 640px) 100vw, 640px\" \/><figcaption>Die Farbe hat sich gleichm\u00e4\u00dfig verteilt, aber auch eine Schicht Sodaasche kam hinzu<\/figcaption><\/figure>\n\n\n\n<p>Ich bin schon gespannt, welche \u00dcberraschung diese Seife noch f\u00fcr mich bereit h\u00e4lt&#8230; Von den Badeperlen erhoffe ich mir jedenfalls einen sanften Peelingeffekt und die Seife duftet wirklich wie die Badeperlen, was mir sehr gut gef\u00e4llt. <\/p>\n","protected":false},"excerpt":{"rendered":"<p>Ja, auch sie eignen sich um in Seife zu bringen. Ich bin ehrlich, es ist nicht meine Idee gewesen, aber ich durfte sie aufgreifen. Die Seifenbasis ist unbeduftet besteht aus sehr viel Olive, einem Viertel Kokos\u00f6l (dadurch muss sie nicht so lange reifen wie eine reine Oliven\u00f6lseife) und etwas Rizinus\u00f6l. Da waren ja noch die Badeperlen, duften frisch nach Beeren und sind rot. Erw\u00fcnscht waren rote Punkte in der Seife, was auch funktioniert hat. Das Foto ist schon ein paar Tage alt, ich habe heute nochmal ein Vergleichsfoto gemacht und irgendwie hat sich meine Seife doch ver\u00e4ndert. Mir gefiel sie&hellip;<\/p>\n","protected":false},"author":1,"featured_media":192,"comment_status":"open","ping_status":"open","sticky":false,"template":"","format":"standard","meta":{"footnotes":""},"categories":[1,3],"tags":[],"class_list":["post-188","post","type-post","status-publish","format-standard","has-post-thumbnail","hentry","category-allgemein","category-seifen"],"_links":{"self":[{"href":"http:\/\/seifen-koenigin.de\/index.php\/wp-json\/wp\/v2\/posts\/188","targetHints":{"allow":["GET"]}}],"collection":[{"href":"http:\/\/seifen-koenigin.de\/index.php\/wp-json\/wp\/v2\/posts"}],"about":[{"href":"http:\/\/seifen-koenigin.de\/index.php\/wp-json\/wp\/v2\/types\/post"}],"author":[{"embeddable":true,"href":"http:\/\/seifen-koenigin.de\/index.php\/wp-json\/wp\/v2\/users\/1"}],"replies":[{"embeddable":true,"href":"http:\/\/seifen-koenigin.de\/index.php\/wp-json\/wp\/v2\/comments?post=188"}],"version-history":[{"count":2,"href":"http:\/\/seifen-koenigin.de\/index.php\/wp-json\/wp\/v2\/posts\/188\/revisions"}],"predecessor-version":[{"id":201,"href":"http:\/\/seifen-koenigin.de\/index.php\/wp-json\/wp\/v2\/posts\/188\/revisions\/201"}],"wp:featuredmedia":[{"embeddable":true,"href":"http:\/\/seifen-koenigin.de\/index.php\/wp-json\/wp\/v2\/media\/192"}],"wp:attachment":[{"href":"http:\/\/seifen-koenigin.de\/index.php\/wp-json\/wp\/v2\/media?parent=188"}],"wp:term":[{"taxonomy":"category","embeddable":true,"href":"http:\/\/seifen-koenigin.de\/index.php\/wp-json\/wp\/v2\/categories?post=188"},{"taxonomy":"post_tag","embeddable":true,"href":"http:\/\/seifen-koenigin.de\/index.php\/wp-json\/wp\/v2\/tags?post=188"}],"curies":[{"name":"wp","href":"https:\/\/api.w.org\/{rel}","templated":true}]}}