{"id":1,"date":"2020-05-21T17:39:55","date_gmt":"2020-05-21T15:39:55","guid":{"rendered":"http:\/\/www.seifen-koenigin.de\/web\/?p=1"},"modified":"2020-05-25T18:44:55","modified_gmt":"2020-05-25T16:44:55","slug":"hallo-welt","status":"publish","type":"post","link":"http:\/\/seifen-koenigin.de\/index.php\/2020\/05\/21\/hallo-welt\/","title":{"rendered":"Hallo und herzlich Willkommen in meiner kleinen Seifenwelt."},"content":{"rendered":"\n<p class=\"has-text-color has-vivid-purple-color\">Damit ihr wisst wer hier die Seifen siedet m\u00f6chte ich mich kurz vorstellen. Ich hei\u00dfe Petra, verheiratet und habe 2 Kinder und mit uns leben noch 2 Kater.<\/p>\n\n\n\n<p class=\"has-text-color has-vivid-purple-color\">Seifen faszinierten mich schon eine ganze Weile und da ich gerne das ein oder andere ausprobiere, habe ich mir gedacht, das k\u00f6nnte ich auch mal versuchen. Also habe ich mir B\u00fccher dazu ausgeliehen, im Internet gelesen und bin dort auch auf viele interessante Blogs und Foren gesto\u00dfen, weiterhin gibt es auch viele tolle Gruppen auf Facebook die sich mit Seife befassen. <\/p>\n\n\n\n<p class=\"has-text-color has-vivid-purple-color\">Meine erste Seife siedete ich im M\u00e4rz 2017, es war eine ganz einfache ohne Farbe und ohne Duft und danach hat mich dieser kleine Seifenvirus komplett ergriffen.<\/p>\n\n\n\n<p class=\"has-text-color has-vivid-purple-color\">Au\u00dfer Seife sieden koche und backe ich auch noch sehr gerne.<\/p>\n\n\n\n<p class=\"has-text-color has-vivid-purple-color\">Durch meinen Mann und unsere Kinder wurde ich auch so langsam an das Thema Modellbau herangef\u00fchrt, wobei ich das Bauen nach wie vor meinem Mann \u00fcberlasse, der mich mit diesem Blog \u00fcberraschte.<\/p>\n\n\n\n<p class=\"has-text-color has-vivid-purple-color\">Dieser Blog wird nicht der typische Blog werden mit Seifenrezepten und Anleitungen \u2013 diese sind zahlreich im Netz und eben auch in B\u00fcchern zu finden.<\/p>\n\n\n\n<p class=\"has-text-color has-vivid-purple-color\">Eine ganz tolle Anleitung, n\u00e4mlich den \u201ekleinen Seifen-Crashkurs\u201c findet ihr auf dieser Seite: https:\/\/seifenbar.blogspot.com\/. Moja, so hei\u00dft die Siederin und Inhaberin vom Blog, hat mir erlaubt das ich auf ihre Seite verweise \u2013 an dieser Stelle auch noch mal ganz herzlichen Dank von mir daf\u00fcr.<\/p>\n\n\n\n<p class=\"has-text-color has-vivid-purple-color\">Ich m\u00f6chte ausdr\u00fccklich hinweisen das ich zwar in der Lage bin eigenst\u00e4ndige Rezepte zu entwerfen, aber es durchaus auch als Anerkennung an andere Sieder(innen) ansehe, die von ihnen zur Verf\u00fcgung gestellten Rezepte zu nutzen und ggfs. durch kleine \u00c4nderungen f\u00fcr mich anzupassen.<\/p>\n\n\n\n<p class=\"has-text-color has-vivid-purple-color\">Sollten dennoch Fragen nach der genauen Rezeptur kommen so beantworte ich diese sehr gerne, hierf\u00fcr d\u00fcrft ihr mich gerne anschreiben.<\/p>\n\n\n\n<p class=\"has-text-color has-vivid-purple-color\">Ferner m\u00f6chte ich mitteilen, dass ich kein Geld f\u00fcr Werbung erhalte. Sollte ich Firmennamen oder Produkte erw\u00e4hnen, so mache ich dies freiwillig und weil ich vom Produkt \u00fcberzeugt bin.<\/p>\n","protected":false},"excerpt":{"rendered":"<p>Damit ihr wisst wer hier die Seifen siedet m\u00f6chte ich mich kurz vorstellen. Ich hei\u00dfe Petra, verheiratet und habe 2 Kinder und mit uns leben noch 2 Kater. Seifen faszinierten mich schon eine ganze Weile und da ich gerne das ein oder andere ausprobiere, habe ich mir gedacht, das k\u00f6nnte ich auch mal versuchen. Also habe ich mir B\u00fccher dazu ausgeliehen, im Internet gelesen und bin dort auch auf viele interessante Blogs und Foren gesto\u00dfen, weiterhin gibt es auch viele tolle Gruppen auf Facebook die sich mit Seife befassen. Meine erste Seife siedete ich im M\u00e4rz 2017, es war eine&hellip;<\/p>\n","protected":false},"author":1,"featured_media":12,"comment_status":"open","ping_status":"open","sticky":true,"template":"","format":"standard","meta":{"footnotes":""},"categories":[1,4],"tags":[],"class_list":["post-1","post","type-post","status-publish","format-standard","has-post-thumbnail","hentry","category-allgemein","category-wer-bin-ich"],"_links":{"self":[{"href":"http:\/\/seifen-koenigin.de\/index.php\/wp-json\/wp\/v2\/posts\/1","targetHints":{"allow":["GET"]}}],"collection":[{"href":"http:\/\/seifen-koenigin.de\/index.php\/wp-json\/wp\/v2\/posts"}],"about":[{"href":"http:\/\/seifen-koenigin.de\/index.php\/wp-json\/wp\/v2\/types\/post"}],"author":[{"embeddable":true,"href":"http:\/\/seifen-koenigin.de\/index.php\/wp-json\/wp\/v2\/users\/1"}],"replies":[{"embeddable":true,"href":"http:\/\/seifen-koenigin.de\/index.php\/wp-json\/wp\/v2\/comments?post=1"}],"version-history":[{"count":5,"href":"http:\/\/seifen-koenigin.de\/index.php\/wp-json\/wp\/v2\/posts\/1\/revisions"}],"predecessor-version":[{"id":75,"href":"http:\/\/seifen-koenigin.de\/index.php\/wp-json\/wp\/v2\/posts\/1\/revisions\/75"}],"wp:featuredmedia":[{"embeddable":true,"href":"http:\/\/seifen-koenigin.de\/index.php\/wp-json\/wp\/v2\/media\/12"}],"wp:attachment":[{"href":"http:\/\/seifen-koenigin.de\/index.php\/wp-json\/wp\/v2\/media?parent=1"}],"wp:term":[{"taxonomy":"category","embeddable":true,"href":"http:\/\/seifen-koenigin.de\/index.php\/wp-json\/wp\/v2\/categories?post=1"},{"taxonomy":"post_tag","embeddable":true,"href":"http:\/\/seifen-koenigin.de\/index.php\/wp-json\/wp\/v2\/tags?post=1"}],"curies":[{"name":"wp","href":"https:\/\/api.w.org\/{rel}","templated":true}]}}